{"id":12520,"date":"2022-10-28T09:22:00","date_gmt":"2022-10-28T09:22:00","guid":{"rendered":"https:\/\/www.enabel.be\/?p=12520"},"modified":"2023-08-10T20:50:10","modified_gmt":"2023-08-10T20:50:10","slug":"interview-avec-sacha-expert-junior-pour-autre-terre-au-burkina-faso","status":"publish","type":"post","link":"https:\/\/www.enabel.be\/fr\/interview-avec-sacha-expert-junior-pour-autre-terre-au-burkina-faso\/","title":{"rendered":"Interview avec Sacha, Expert Junior pour Autre Terre au Burkina Faso"},"content":{"rendered":"<header class=\"header--content overflow-hidden md:overflow-auto pt-24 md:pt-56 pb-8 relative\">\n    <div class=\"z-10 container grid grid-cols-12\">\n        <div class=\"group group-h5:bg-primary-500 col-span-12 md:col-span-8 col-start-1 md:col-start-3 text-center\">\n                            <span class=\"h4\" data-aos=\"fade-down\">Promouvoir l&#039;agriculture familiale durable<\/span>\n            \n                            <h1 data-aos=\"fade-up\">Interview  avec Sacha, Expert Junior pour Autre Terre au Burkina Faso<\/h1>\n                    <\/div>\n    <\/div>\n    <div class=\"relative px-4 md:px-40\" data-aos=\"fade-down\">\n        <img decoding=\"async\" width=\"1546\" height=\"1020\" src=\"https:\/\/www.enabel.be\/app\/uploads\/2022\/10\/209217115_979501582851983_7597855809937544095_n_Resize_1546x1020.jpg\" class=\"w-full h-auto min-h-[260px] max-h-[600px] object-cover object-center relative h-auto z-10 wp-post-image\" alt=\"\" srcset=\"https:\/\/www.enabel.be\/app\/uploads\/2022\/10\/209217115_979501582851983_7597855809937544095_n_Resize_1546x1020.jpg 1546w, https:\/\/www.enabel.be\/app\/uploads\/2022\/10\/209217115_979501582851983_7597855809937544095_n_Resize_1546x1020-300x198.jpg 300w, https:\/\/www.enabel.be\/app\/uploads\/2022\/10\/209217115_979501582851983_7597855809937544095_n_Resize_1546x1020-1024x676.jpg 1024w, https:\/\/www.enabel.be\/app\/uploads\/2022\/10\/209217115_979501582851983_7597855809937544095_n_Resize_1546x1020-768x507.jpg 768w, https:\/\/www.enabel.be\/app\/uploads\/2022\/10\/209217115_979501582851983_7597855809937544095_n_Resize_1546x1020-1536x1013.jpg 1536w\" sizes=\"(max-width: 1546px) 100vw, 1546px\" \/>\n        <svg width=\"1358\" height=\"420\" viewBox=\"0 0 1358 420\" fill=\"none\" xmlns=\"http:\/\/www.w3.org\/2000\/svg\" class=\"w-[150%] md:w-full h-auto absolute z-0 top-1\/2 -translate-y-1\/2 -left-[25%] md:left-0\">\n            <g clip-path=\"url(#clip0_15_2)\">\n                <path fill-rule=\"evenodd\" clip-rule=\"evenodd\" d=\"M1655.8 395.953C1600.17 408.13 1540.08 415.577 1475.09 416.16C1146.32 419.125 855.716 309.031 677.906 51.8302C1184.21 96.4886 1493.52 -6.41358 1679.49 -127.813C1640.12 -15.3492 1594.34 202.197 1655.8 395.953Z\" fill=\"#012D3A\"\/>\n                <path fill-rule=\"evenodd\" clip-rule=\"evenodd\" d=\"M-299.305 395.953C-243.67 408.13 -183.584 415.577 -118.589 416.16C210.175 419.125 500.781 309.031 678.591 51.8302C172.29 96.4886 -137.027 -6.41358 -322.99 -127.813C-283.621 -15.3492 -237.848 202.197 -299.305 395.953Z\" fill=\"#012D3A\"\/>\n            <\/g>\n            <defs>\n                <clipPath id=\"clip0_15_2\">\n                    <rect width=\"1358\" height=\"420\" fill=\"white\"\/>\n                <\/clipPath>\n            <\/defs>\n        <\/svg>\n    <\/div>\n<\/header>\n\n\n<section class=\"section--article-content\">\n    <div class=\"container grid grid-cols-12\">\n        <div class=\"col-span-12 col-start-1 md:col-span-8 md:col-start-3\">\n            <h3 style=\"text-align: center;\"><span class=\"text-primary-500\">Sacha, a \u00e9t\u00e9 le tout 1<sup>er<\/sup> Expert Junior \u00e0 rejoindre notre nouveau partenaire Autre Terre. Int\u00e9gr\u00e9 au Programme SIA \u00e0 Ouagadougou, Sacha \u2013 Expert Junior Synergies, Suivi et Evaluation \u2013 a renforc\u00e9 les synergies et compl\u00e9mentarit\u00e9s entre les acteurs de l\u2019agriculture familiale durable du Programme, ainsi qu\u2019avec<br \/>\nla soci\u00e9t\u00e9 civile Burkinab\u00e8. Ce programme est commun \u00e0 SOS Faim, Iles de Paix, Autre Terre (3 ONGs partenaires du Programme Junior) actives dans<br \/>\nla promotion de l&rsquo;agriculture familiale durable et de l&rsquo;\u00e9conomie sociale<br \/>\npour un monde plus juste. <\/span><\/h3>\n<p>&nbsp;<\/p>\n<h4><span class=\"text-primary-500\" style=\"font-size: 14pt;\"><strong>Mais qui es-tu Sacha\u202f?<\/strong><\/span><\/h4>\n<p>Je m\u2019appelle Sacha Bronfort. J\u2019avais 26 ans au moment de mon d\u00e9part au Burkina Faso au printemps 2019. Je suis dipl\u00f4m\u00e9 d\u2019un Master en sciences et gestion de l\u2019environnement dans les pays du Sud. J\u2019avais d\u00e9j\u00e0 effectu\u00e9 un premier voyage au pays des Hommes Int\u00e8gres en 2017 dans le cadre de la r\u00e9alisation de mon m\u00e9moire.<\/p>\n<blockquote><p><span class=\"text-primary-500\" style=\"font-size: 14pt; color: #e65300;\">\u201c\u202fMon dipl\u00f4me en poche, j\u2019ai cherch\u00e9 \u00e0 r\u00e9it\u00e9rer une exp\u00e9rience internationale, et me suis heurt\u00e9 \u00e0 beaucoup de refus. Le monde de la solidarit\u00e9 internationale \u00e9tait assez ferm\u00e9, et tr\u00e8s souvent, une premi\u00e8re exp\u00e9rience \u00e9tait exig\u00e9e.\u202f\u201d<\/span><\/p><\/blockquote>\n<p>Apr\u00e8s du travail de b\u00e9n\u00e9volat, je me suis port\u00e9 volontaire dans une ONG fran\u00e7aise de lutte contre la d\u00e9sertification \u00e0 Montpellier, le CARI, o\u00f9 je devais coordonner les activit\u00e9s d\u2019une plateforme d\u2019associations, de scientifiques et de collectivit\u00e9s locales actifs notamment dans la promotion de l\u2019agro\u00e9cologie comme moyen durable de lutte contre la d\u00e9gradation des terres au Sahel et sur le pourtour m\u00e9diterran\u00e9en.<\/p>\n<p>J\u2019avais eu vent du Programme Junior en 2017, et j\u2019ai pu postuler au premier appel du Programme Junior (version 3) reconduit en 2018. .<\/p>\n<blockquote><p><span class=\"text-primary-500\" style=\"font-size: 14pt; color: #e65300;\">\u201c\u202fPour moi, le Programme Junior est un peu le \u00ab\u202ftapis rouge\u202f\u00bb pour acc\u00e9der au monde tr\u00e8s ferm\u00e9 de la solidarit\u00e9 internationale.\u202f\u201d<\/span><\/p><\/blockquote>\n<p>J\u2019ai postul\u00e9 \u00e0 2 postes en lien avec l\u2019agro\u00e9cologie et l\u2019environnement, sans trop grandes convictions, imaginant un processus de s\u00e9lection tr\u00e8s \u00ab\u202f\u00e9litiste\u202f\u00bb. De surprise en surprise, j\u2019ai finalement gravi toutes les \u00e9tapes du recrutement pour me voir assign\u00e9 au poste d\u2019Expert Junior Synergies &amp; Suivi-Evaluation pour l\u2019ONG Autre Terre au Burkina Faso.<\/p>\n<p>&nbsp;<\/p>\n<p><img decoding=\"async\" class=\"aligncenter wp-image-12380 size-medium\" src=\"https:\/\/www.enabel.be\/app\/uploads\/2022\/10\/205583875_342616260911723_6613938835805117357_n-300x225.jpg\" alt=\"\" width=\"300\" height=\"225\" srcset=\"https:\/\/www.enabel.be\/app\/uploads\/2022\/10\/205583875_342616260911723_6613938835805117357_n-300x225.jpg 300w, https:\/\/www.enabel.be\/app\/uploads\/2022\/10\/205583875_342616260911723_6613938835805117357_n-1024x768.jpg 1024w, https:\/\/www.enabel.be\/app\/uploads\/2022\/10\/205583875_342616260911723_6613938835805117357_n-768x576.jpg 768w, https:\/\/www.enabel.be\/app\/uploads\/2022\/10\/205583875_342616260911723_6613938835805117357_n-1536x1152.jpg 1536w, https:\/\/www.enabel.be\/app\/uploads\/2022\/10\/205583875_342616260911723_6613938835805117357_n.jpg 1548w\" sizes=\"(max-width: 300px) 100vw, 300px\" \/><\/p>\n<p>&nbsp;<\/p>\n<h4><span class=\"text-primary-500\" style=\"font-size: 14pt;\"><strong>Quel est ton r\u00f4le au sein du projet\u202f?<\/strong><\/span><\/h4>\n<p>Je fus donc affect\u00e9 au Burkina Faso, pays d\u2019Afrique de l\u2019Ouest enclav\u00e9 entre le Mali, Niger, Togo, B\u00e9nin, Ghana et la C\u00f4te d\u2019Ivoire. Je vivais dans la capitale, Ouagadougou, une ville cosmopolite tr\u00e8s anim\u00e9e, pour y travailler pour une p\u00e9riode de 2 ans.<\/p>\n<p>Install\u00e9 dans les locaux de l\u2019ONG li\u00e9geoise \u00ab\u202fAutre Terre\u202f\u00bb, avec les partenaires des ONGs SOS Faim\u202fet Iles de Paix, nous avons contribu\u00e9 \u00e0 la promotion de l\u2019agriculture familiale durable et de l\u2019\u00e9conomie sociale et solidaire pour un monde plus juste.<\/p>\n<p>Mes t\u00e2ches principales consistaient \u00e0 identifier, impulser et accompagner des synergies entre les 9 partenaires du Programme commun. Au-del\u00e0 du Programme, mes missions de synergies ont \u00e9galement touch\u00e9 les autres ONG belges et leurs partenaires, ainsi que d\u2019autres r\u00e9seaux de la soci\u00e9t\u00e9 civile travaillant sur la th\u00e9matique de l\u2019agro\u00e9cologie (CNABio, COASP, CCAE, GT Agriculture\/SPONG, 3AO\u2026).<\/p>\n<p>A c\u00f4t\u00e9 de ces activit\u00e9s principales, j\u2019ai pu toucher \u00e0 beaucoup d\u2019autres domaines d\u2019activit\u00e9 de l\u2019ONG\u202fcomme la communication par la r\u00e9daction d\u2019articles, le montage de projet, l\u2019\u00e9laboration budg\u00e9taire, l\u2019organisation d\u2019\u00e9v\u00e8nements, l\u2019animation d\u2019ateliers (bio-intrants, semences paysannes) et les formations.<\/p>\n<p>Depuis 2016, le pays est en proie \u00e0 une recrudescence d\u2019attaques terroristes qui s\u00e9vissent principalement au Nord et \u00e0 l\u2019Est du pays, ce qui a eu in\u00e9vitablement une r\u00e9percussion sur mon travail, en m\u2019emp\u00eachant d\u2019effectuer des activit\u00e9s de suivi \u00e0 plusieurs reprises. Un peu frustrant au d\u00e9but, je me suis cependant rapidement adapt\u00e9 \u00e0 ces \u00e9l\u00e9ments contextuels.<\/p>\n<p>&nbsp;<\/p>\n<p>&nbsp;<\/p>\n<p><img decoding=\"async\" class=\"wp-image-12368 aligncenter\" src=\"https:\/\/www.enabel.be\/app\/uploads\/2022\/10\/209986975_510379990075794_399944688357583477_n-300x225.jpg\" alt=\"\" width=\"800\" height=\"600\" srcset=\"https:\/\/www.enabel.be\/app\/uploads\/2022\/10\/209986975_510379990075794_399944688357583477_n-300x225.jpg 300w, https:\/\/www.enabel.be\/app\/uploads\/2022\/10\/209986975_510379990075794_399944688357583477_n-1024x768.jpg 1024w, https:\/\/www.enabel.be\/app\/uploads\/2022\/10\/209986975_510379990075794_399944688357583477_n-768x576.jpg 768w, https:\/\/www.enabel.be\/app\/uploads\/2022\/10\/209986975_510379990075794_399944688357583477_n-1536x1152.jpg 1536w, https:\/\/www.enabel.be\/app\/uploads\/2022\/10\/209986975_510379990075794_399944688357583477_n.jpg 1548w\" sizes=\"(max-width: 800px) 100vw, 800px\" \/><\/p>\n<p>&nbsp;<\/p>\n<h4><span class=\"text-primary-500\" style=\"font-size: 14pt;\"><strong>Qu\u2019est-ce que cette exp\u00e9rience t\u2019a permis de d\u00e9couvrir au niveau personnel, de tes comp\u00e9tences ?<\/strong><\/span><\/h4>\n<p>Mes activit\u00e9s touchaient fort au relationnel\u202f: conna\u00eetre chaque acteur ou structure, identifier leurs difficult\u00e9s, leurs forces, leurs besoins\u2026 Au fur et \u00e0 mesure des semaines qui passaient, j\u2019ai gagn\u00e9 en confiance en moi.<\/p>\n<p>J\u2019ai d\u00e9velopp\u00e9 des comp\u00e9tences en animation de groupes, o\u00f9 je testais diff\u00e9rentes m\u00e9thodologies de travail, des \u00ab\u202ficebreaker\u202f\u00bb ou \u00ab\u202fenergizer\u202f\u00bb parfois\u2026 originaux\u202f!<\/p>\n<blockquote><p><span class=\"text-primary-500\" style=\"font-size: 14pt; color: #e65300;\">\u201c\u202fInitialement peu habitu\u00e9 \u00e0 prendre la parole en public, j\u2019ai d\u00e9pass\u00e9 mes appr\u00e9hensions pour finalement \u00eatre franchement \u00e0 l\u2019aise.\u202fJ\u2019ai \u00e9galement pris confiance dans mes capacit\u00e9s et ma l\u00e9gitimit\u00e9 \u00e0 n\u00e9gocier ou faire de la m\u00e9diation.\u202f\u201d<\/span><\/p><\/blockquote>\n<p>J\u2019ai cependant parfois \u00e9t\u00e9 d\u00e9senchant\u00e9 par le \u00ab\u202fsyst\u00e8me\u202f\u00bb que repr\u00e9sente la coop\u00e9ration\/solidarit\u00e9 internationale. Le syst\u00e8me d\u2019octroi de perdiems pour participer \u00e0 des ateliers ou des r\u00e9unions, initialement instaur\u00e9 par des structures internationales de d\u00e9veloppement, avait tendance \u00e0 pourrir certaines de mes activit\u00e9s, et il me semblait \u00eatre le seul \u00e0 m\u2019insurger contre ce syst\u00e8me.<\/p>\n<p>J\u2019ai \u00e9galement d\u00fb surmonter des d\u00e9fis li\u00e9s \u00e0 la passivit\u00e9 des acteurs lorsque je leur proposais de faire des activit\u00e9s non-financ\u00e9es (par exemple, du partage d\u2019exp\u00e9rience, des r\u00e9unions avec d\u2019autres acteurs). Les moyens financiers ont pu \u00eatre des facteurs extr\u00eamement bloquants, qui ne l\u2019auraient jamais \u00e9t\u00e9 en Belgique.<\/p>\n<p>&nbsp;<\/p>\n<p><span class=\"text-primary-500\"><strong>Comment envisages-tu l\u2019apr\u00e8s Programme Junior ?<\/strong><\/span><\/p>\n<p>A la suite \u00e0 cette exp\u00e9rience de 2 ans au Burkina Faso, j\u2019ai d\u00e9cid\u00e9 de continuer \u00e0 \u0153uvrer pour les ODD mais depuis la Belgique.<\/p>\n<blockquote><p><span class=\"text-primary-500\" style=\"font-size: 14pt; color: #e65300;\"> \u00a0\u00bb Ce choix a m\u00fbri durant de longs mois, et le soutien de ma coach (mise \u00e0 disposition par la Programme Junior tout au long de mon exp\u00e9rience) m\u2019a permis d\u2019y voir plus clair dans mes envies et mes besoins. \u00ab\u00a0<\/span><\/p><\/blockquote>\n<p>Apr\u00e8s avoir contribu\u00e9 \u00e0 la promotion de l\u2019agro\u00e9cologie au Burkina, je vais continuer \u00e0 travailler dans les syst\u00e8mes alimentaires durables en Belgique. Une semaine apr\u00e8s mon retour en Belgique, j\u2019\u00e9tais d\u00e9j\u00e0 engag\u00e9 en tant qu\u2019animateur au <em>CIEP (Centre d\u2019Information et d\u2019Education Populaire)<\/em>, organe d\u2019\u00e9ducation permanente \u00e9manant du MOC de Li\u00e8ge.<\/p>\n<p><span class=\"NormalTextRun SCXW29334403 BCX0\" data-ccp-parastyle=\"footnote text\"> Je ne perds cependant pas le lien avec la solidarit\u00e9 internationale, puisqu\u2019une partie de mon temps sera consacr\u00e9e \u00e0 faire de l\u2019ECMS3 pour l\u2019ONG du MOC, We Social Movement\u2026 La boucle est boucl\u00e9e\u202f!\u00a0<\/span><\/p>\n<p style=\"text-align: center;\"><a href=\"https:\/\/www.linkedin.com\/in\/sacha-bronfort\/\" target=\"_blank\" rel=\"noopener\"><span class=\"TextRun SCXW68141720 BCX0\" lang=\"FR-FR\" xml:lang=\"FR-FR\" data-contrast=\"auto\">Le <span class=\"NormalTextRun SpellingErrorV2Themed SCXW68141720 BCX0\">profil<\/span><span class=\"NormalTextRun SCXW68141720 BCX0\"> de Sacha sur LinkedIn<\/span><\/span><\/a><span class=\"EOP SCXW68141720 BCX0\" data-ccp-props=\"{&quot;134233117&quot;:false,&quot;134233118&quot;:false,&quot;201341983&quot;:0,&quot;335551550&quot;:1,&quot;335551620&quot;:1,&quot;335559685&quot;:0,&quot;335559737&quot;:0,&quot;335559738&quot;:0,&quot;335559739&quot;:160,&quot;335559740&quot;:259}\">\u00a0<\/span><\/p>\n<p>&nbsp;<\/p>\n\n        <\/div>\n    <\/div>\n<\/section>\n\n\n<section class=\"section--article-button\">\n    <div class=\"container flex justify-center\">\n                    <a href=\"https:\/\/www.enabel.be\/fr\/nos-actions\/promouvoir-la-citoyennete-mondiale\/devenir-ou-accueillir-un-e-expert-e-junior-e\/ \" class=\"btn-primary card--animation\" >\n\t\t<span>Souhaites-tu devenir un.e Expert.e Junior.e ? En savoir plus <\/span>\n\t<\/a>\n            <\/div>\n<\/section>","protected":false},"excerpt":{"rendered":"","protected":false},"author":4,"featured_media":22368,"comment_status":"closed","ping_status":"closed","sticky":false,"template":"","format":"standard","meta":{"_acf_changed":false,"inline_featured_image":false,"footnotes":""},"categories":[15],"tags":[],"classifications":[],"class_list":["post-12520","post","type-post","status-publish","format-standard","has-post-thumbnail","hentry","category-actualites"],"yoast_head":"<!-- This site is optimized with the Yoast SEO plugin v25.9 - https:\/\/yoast.com\/wordpress\/plugins\/seo\/ -->\n<title>Interview avec Sacha, Expert Junior pour Autre Terre au Burkina Faso - Enabel - Agence belge de coop\u00e9ration internationale<\/title>\n<meta name=\"description\" content=\"Sacha, Expert Junior Synergies, Suivi et Evaluation, a \u00e9t\u00e9 le tout premier Expert Junior \u00e0 travailler pour notre nouveau partenaire \u00e0 Ouagadougou. Lisez son interview.\" \/>\n<meta name=\"robots\" content=\"index, follow, max-snippet:-1, max-image-preview:large, max-video-preview:-1\" \/>\n<link rel=\"canonical\" href=\"https:\/\/www.enabel.be\/fr\/interview-avec-sacha-expert-junior-pour-autre-terre-au-burkina-faso\/\" \/>\n<meta property=\"og:locale\" content=\"fr_FR\" \/>\n<meta property=\"og:type\" content=\"article\" \/>\n<meta property=\"og:title\" content=\"Interview avec Sacha, Expert Junior pour Autre Terre au Burkina Faso - Enabel - Agence belge de coop\u00e9ration internationale\" \/>\n<meta property=\"og:description\" content=\"Sacha, Expert Junior Synergies, Suivi et Evaluation, a \u00e9t\u00e9 le tout premier Expert Junior \u00e0 travailler pour notre nouveau partenaire \u00e0 Ouagadougou. Lisez son interview.\" \/>\n<meta property=\"og:url\" content=\"https:\/\/www.enabel.be\/fr\/interview-avec-sacha-expert-junior-pour-autre-terre-au-burkina-faso\/\" \/>\n<meta property=\"og:site_name\" content=\"Enabel - Agence belge de coop\u00e9ration internationale\" \/>\n<meta property=\"article:publisher\" content=\"https:\/\/www.facebook.com\/EnabelBelgium\/\" \/>\n<meta property=\"article:published_time\" content=\"2022-10-28T09:22:00+00:00\" \/>\n<meta property=\"article:modified_time\" content=\"2023-08-10T20:50:10+00:00\" \/>\n<meta property=\"og:image\" content=\"https:\/\/www.enabel.be\/app\/uploads\/2022\/10\/209217115_979501582851983_7597855809937544095_n_Resize_1546x1020.jpg\" \/>\n\t<meta property=\"og:image:width\" content=\"1546\" \/>\n\t<meta property=\"og:image:height\" content=\"1020\" \/>\n\t<meta property=\"og:image:type\" content=\"image\/jpeg\" \/>\n<meta name=\"author\" content=\"Pascale\" \/>\n<meta name=\"twitter:card\" content=\"summary_large_image\" \/>\n<meta name=\"twitter:creator\" content=\"@Enabel_Belgium\" \/>\n<meta name=\"twitter:site\" content=\"@Enabel_Belgium\" \/>\n<meta name=\"twitter:label1\" content=\"Written by\" \/>\n\t<meta name=\"twitter:data1\" content=\"Pascale\" \/>\n<script type=\"application\/ld+json\" class=\"yoast-schema-graph\">{\"@context\":\"https:\/\/schema.org\",\"@graph\":[{\"@type\":\"Article\",\"@id\":\"https:\/\/www.enabel.be\/fr\/interview-avec-sacha-expert-junior-pour-autre-terre-au-burkina-faso\/#article\",\"isPartOf\":{\"@id\":\"https:\/\/www.enabel.be\/fr\/interview-avec-sacha-expert-junior-pour-autre-terre-au-burkina-faso\/\"},\"author\":{\"name\":\"Pascale\",\"@id\":\"https:\/\/www.enabel.be\/fr\/#\/schema\/person\/c4aa9f6bb41247f0e06a9959a31d603e\"},\"headline\":\"Interview avec Sacha, Expert Junior pour Autre Terre au Burkina Faso\",\"datePublished\":\"2022-10-28T09:22:00+00:00\",\"dateModified\":\"2023-08-10T20:50:10+00:00\",\"mainEntityOfPage\":{\"@id\":\"https:\/\/www.enabel.be\/fr\/interview-avec-sacha-expert-junior-pour-autre-terre-au-burkina-faso\/\"},\"wordCount\":11,\"publisher\":{\"@id\":\"https:\/\/www.enabel.be\/fr\/#organization\"},\"image\":{\"@id\":\"https:\/\/www.enabel.be\/fr\/interview-avec-sacha-expert-junior-pour-autre-terre-au-burkina-faso\/#primaryimage\"},\"thumbnailUrl\":\"https:\/\/www.enabel.be\/app\/uploads\/2022\/10\/209217115_979501582851983_7597855809937544095_n_Resize_1546x1020.jpg\",\"articleSection\":[\"Actualit\u00e9s\"],\"inLanguage\":\"fr-FR\"},{\"@type\":\"WebPage\",\"@id\":\"https:\/\/www.enabel.be\/fr\/interview-avec-sacha-expert-junior-pour-autre-terre-au-burkina-faso\/\",\"url\":\"https:\/\/www.enabel.be\/fr\/interview-avec-sacha-expert-junior-pour-autre-terre-au-burkina-faso\/\",\"name\":\"Interview avec Sacha, Expert Junior pour Autre Terre au Burkina Faso - Enabel - Agence belge de coop\u00e9ration internationale\",\"isPartOf\":{\"@id\":\"https:\/\/www.enabel.be\/fr\/#website\"},\"primaryImageOfPage\":{\"@id\":\"https:\/\/www.enabel.be\/fr\/interview-avec-sacha-expert-junior-pour-autre-terre-au-burkina-faso\/#primaryimage\"},\"image\":{\"@id\":\"https:\/\/www.enabel.be\/fr\/interview-avec-sacha-expert-junior-pour-autre-terre-au-burkina-faso\/#primaryimage\"},\"thumbnailUrl\":\"https:\/\/www.enabel.be\/app\/uploads\/2022\/10\/209217115_979501582851983_7597855809937544095_n_Resize_1546x1020.jpg\",\"datePublished\":\"2022-10-28T09:22:00+00:00\",\"dateModified\":\"2023-08-10T20:50:10+00:00\",\"description\":\"Sacha, Expert Junior Synergies, Suivi et Evaluation, a \u00e9t\u00e9 le tout premier Expert Junior \u00e0 travailler pour notre nouveau partenaire \u00e0 Ouagadougou. Lisez son interview.\",\"breadcrumb\":{\"@id\":\"https:\/\/www.enabel.be\/fr\/interview-avec-sacha-expert-junior-pour-autre-terre-au-burkina-faso\/#breadcrumb\"},\"inLanguage\":\"fr-FR\",\"potentialAction\":[{\"@type\":\"ReadAction\",\"target\":[\"https:\/\/www.enabel.be\/fr\/interview-avec-sacha-expert-junior-pour-autre-terre-au-burkina-faso\/\"]}]},{\"@type\":\"ImageObject\",\"inLanguage\":\"fr-FR\",\"@id\":\"https:\/\/www.enabel.be\/fr\/interview-avec-sacha-expert-junior-pour-autre-terre-au-burkina-faso\/#primaryimage\",\"url\":\"https:\/\/www.enabel.be\/app\/uploads\/2022\/10\/209217115_979501582851983_7597855809937544095_n_Resize_1546x1020.jpg\",\"contentUrl\":\"https:\/\/www.enabel.be\/app\/uploads\/2022\/10\/209217115_979501582851983_7597855809937544095_n_Resize_1546x1020.jpg\",\"width\":1546,\"height\":1020,\"caption\":\"JP\"},{\"@type\":\"BreadcrumbList\",\"@id\":\"https:\/\/www.enabel.be\/fr\/interview-avec-sacha-expert-junior-pour-autre-terre-au-burkina-faso\/#breadcrumb\",\"itemListElement\":[{\"@type\":\"ListItem\",\"position\":1,\"name\":\"Home\",\"item\":\"https:\/\/www.enabel.be\/fr\/\"},{\"@type\":\"ListItem\",\"position\":2,\"name\":\"Interview avec Sacha, Expert Junior pour Autre Terre au Burkina Faso\"}]},{\"@type\":\"WebSite\",\"@id\":\"https:\/\/www.enabel.be\/fr\/#website\",\"url\":\"https:\/\/www.enabel.be\/fr\/\",\"name\":\"Enabel - Agence belge de coop\u00e9ration internationale\",\"description\":\"Enabling Change\",\"publisher\":{\"@id\":\"https:\/\/www.enabel.be\/fr\/#organization\"},\"potentialAction\":[{\"@type\":\"SearchAction\",\"target\":{\"@type\":\"EntryPoint\",\"urlTemplate\":\"https:\/\/www.enabel.be\/fr\/?s={search_term_string}\"},\"query-input\":{\"@type\":\"PropertyValueSpecification\",\"valueRequired\":true,\"valueName\":\"search_term_string\"}}],\"inLanguage\":\"fr-FR\"},{\"@type\":\"Organization\",\"@id\":\"https:\/\/www.enabel.be\/fr\/#organization\",\"name\":\"Enabel - Agence belge de coop\u00e9ration internationale\",\"url\":\"https:\/\/www.enabel.be\/fr\/\",\"logo\":{\"@type\":\"ImageObject\",\"inLanguage\":\"fr-FR\",\"@id\":\"https:\/\/www.enabel.be\/fr\/#\/schema\/logo\/image\/\",\"url\":\"https:\/\/www.enabel.be\/app\/uploads\/2022\/06\/enabel-logo-color.svg\",\"contentUrl\":\"https:\/\/www.enabel.be\/app\/uploads\/2022\/06\/enabel-logo-color.svg\",\"width\":103,\"height\":35,\"caption\":\"Enabel - Agence belge de coop\u00e9ration internationale\"},\"image\":{\"@id\":\"https:\/\/www.enabel.be\/fr\/#\/schema\/logo\/image\/\"},\"sameAs\":[\"https:\/\/www.facebook.com\/EnabelBelgium\/\",\"https:\/\/x.com\/Enabel_Belgium\",\"https:\/\/www.instagram.com\/enabel_be\/\",\"https:\/\/www.linkedin.com\/company\/enabel\/\",\"https:\/\/www.youtube.com\/channel\/UCHGr3iOQ9n2jORzgtkv5FyQ\"]},{\"@type\":\"Person\",\"@id\":\"https:\/\/www.enabel.be\/fr\/#\/schema\/person\/c4aa9f6bb41247f0e06a9959a31d603e\",\"name\":\"Pascale\"}]}<\/script>\n<!-- \/ Yoast SEO plugin. -->","yoast_head_json":{"title":"Interview avec Sacha, Expert Junior pour Autre Terre au Burkina Faso - Enabel - Agence belge de coop\u00e9ration internationale","description":"Sacha, Expert Junior Synergies, Suivi et Evaluation, a \u00e9t\u00e9 le tout premier Expert Junior \u00e0 travailler pour notre nouveau partenaire \u00e0 Ouagadougou. Lisez son interview.","robots":{"index":"index","follow":"follow","max-snippet":"max-snippet:-1","max-image-preview":"max-image-preview:large","max-video-preview":"max-video-preview:-1"},"canonical":"https:\/\/www.enabel.be\/fr\/interview-avec-sacha-expert-junior-pour-autre-terre-au-burkina-faso\/","og_locale":"fr_FR","og_type":"article","og_title":"Interview avec Sacha, Expert Junior pour Autre Terre au Burkina Faso - Enabel - Agence belge de coop\u00e9ration internationale","og_description":"Sacha, Expert Junior Synergies, Suivi et Evaluation, a \u00e9t\u00e9 le tout premier Expert Junior \u00e0 travailler pour notre nouveau partenaire \u00e0 Ouagadougou. Lisez son interview.","og_url":"https:\/\/www.enabel.be\/fr\/interview-avec-sacha-expert-junior-pour-autre-terre-au-burkina-faso\/","og_site_name":"Enabel - Agence belge de coop\u00e9ration internationale","article_publisher":"https:\/\/www.facebook.com\/EnabelBelgium\/","article_published_time":"2022-10-28T09:22:00+00:00","article_modified_time":"2023-08-10T20:50:10+00:00","og_image":[{"width":1546,"height":1020,"url":"https:\/\/www.enabel.be\/app\/uploads\/2022\/10\/209217115_979501582851983_7597855809937544095_n_Resize_1546x1020.jpg","type":"image\/jpeg"}],"author":"Pascale","twitter_card":"summary_large_image","twitter_creator":"@Enabel_Belgium","twitter_site":"@Enabel_Belgium","twitter_misc":{"Written by":"Pascale"},"schema":{"@context":"https:\/\/schema.org","@graph":[{"@type":"Article","@id":"https:\/\/www.enabel.be\/fr\/interview-avec-sacha-expert-junior-pour-autre-terre-au-burkina-faso\/#article","isPartOf":{"@id":"https:\/\/www.enabel.be\/fr\/interview-avec-sacha-expert-junior-pour-autre-terre-au-burkina-faso\/"},"author":{"name":"Pascale","@id":"https:\/\/www.enabel.be\/fr\/#\/schema\/person\/c4aa9f6bb41247f0e06a9959a31d603e"},"headline":"Interview avec Sacha, Expert Junior pour Autre Terre au Burkina Faso","datePublished":"2022-10-28T09:22:00+00:00","dateModified":"2023-08-10T20:50:10+00:00","mainEntityOfPage":{"@id":"https:\/\/www.enabel.be\/fr\/interview-avec-sacha-expert-junior-pour-autre-terre-au-burkina-faso\/"},"wordCount":11,"publisher":{"@id":"https:\/\/www.enabel.be\/fr\/#organization"},"image":{"@id":"https:\/\/www.enabel.be\/fr\/interview-avec-sacha-expert-junior-pour-autre-terre-au-burkina-faso\/#primaryimage"},"thumbnailUrl":"https:\/\/www.enabel.be\/app\/uploads\/2022\/10\/209217115_979501582851983_7597855809937544095_n_Resize_1546x1020.jpg","articleSection":["Actualit\u00e9s"],"inLanguage":"fr-FR"},{"@type":"WebPage","@id":"https:\/\/www.enabel.be\/fr\/interview-avec-sacha-expert-junior-pour-autre-terre-au-burkina-faso\/","url":"https:\/\/www.enabel.be\/fr\/interview-avec-sacha-expert-junior-pour-autre-terre-au-burkina-faso\/","name":"Interview avec Sacha, Expert Junior pour Autre Terre au Burkina Faso - Enabel - Agence belge de coop\u00e9ration internationale","isPartOf":{"@id":"https:\/\/www.enabel.be\/fr\/#website"},"primaryImageOfPage":{"@id":"https:\/\/www.enabel.be\/fr\/interview-avec-sacha-expert-junior-pour-autre-terre-au-burkina-faso\/#primaryimage"},"image":{"@id":"https:\/\/www.enabel.be\/fr\/interview-avec-sacha-expert-junior-pour-autre-terre-au-burkina-faso\/#primaryimage"},"thumbnailUrl":"https:\/\/www.enabel.be\/app\/uploads\/2022\/10\/209217115_979501582851983_7597855809937544095_n_Resize_1546x1020.jpg","datePublished":"2022-10-28T09:22:00+00:00","dateModified":"2023-08-10T20:50:10+00:00","description":"Sacha, Expert Junior Synergies, Suivi et Evaluation, a \u00e9t\u00e9 le tout premier Expert Junior \u00e0 travailler pour notre nouveau partenaire \u00e0 Ouagadougou. Lisez son interview.","breadcrumb":{"@id":"https:\/\/www.enabel.be\/fr\/interview-avec-sacha-expert-junior-pour-autre-terre-au-burkina-faso\/#breadcrumb"},"inLanguage":"fr-FR","potentialAction":[{"@type":"ReadAction","target":["https:\/\/www.enabel.be\/fr\/interview-avec-sacha-expert-junior-pour-autre-terre-au-burkina-faso\/"]}]},{"@type":"ImageObject","inLanguage":"fr-FR","@id":"https:\/\/www.enabel.be\/fr\/interview-avec-sacha-expert-junior-pour-autre-terre-au-burkina-faso\/#primaryimage","url":"https:\/\/www.enabel.be\/app\/uploads\/2022\/10\/209217115_979501582851983_7597855809937544095_n_Resize_1546x1020.jpg","contentUrl":"https:\/\/www.enabel.be\/app\/uploads\/2022\/10\/209217115_979501582851983_7597855809937544095_n_Resize_1546x1020.jpg","width":1546,"height":1020,"caption":"JP"},{"@type":"BreadcrumbList","@id":"https:\/\/www.enabel.be\/fr\/interview-avec-sacha-expert-junior-pour-autre-terre-au-burkina-faso\/#breadcrumb","itemListElement":[{"@type":"ListItem","position":1,"name":"Home","item":"https:\/\/www.enabel.be\/fr\/"},{"@type":"ListItem","position":2,"name":"Interview avec Sacha, Expert Junior pour Autre Terre au Burkina Faso"}]},{"@type":"WebSite","@id":"https:\/\/www.enabel.be\/fr\/#website","url":"https:\/\/www.enabel.be\/fr\/","name":"Enabel - Agence belge de coop\u00e9ration internationale","description":"Enabling Change","publisher":{"@id":"https:\/\/www.enabel.be\/fr\/#organization"},"potentialAction":[{"@type":"SearchAction","target":{"@type":"EntryPoint","urlTemplate":"https:\/\/www.enabel.be\/fr\/?s={search_term_string}"},"query-input":{"@type":"PropertyValueSpecification","valueRequired":true,"valueName":"search_term_string"}}],"inLanguage":"fr-FR"},{"@type":"Organization","@id":"https:\/\/www.enabel.be\/fr\/#organization","name":"Enabel - Agence belge de coop\u00e9ration internationale","url":"https:\/\/www.enabel.be\/fr\/","logo":{"@type":"ImageObject","inLanguage":"fr-FR","@id":"https:\/\/www.enabel.be\/fr\/#\/schema\/logo\/image\/","url":"https:\/\/www.enabel.be\/app\/uploads\/2022\/06\/enabel-logo-color.svg","contentUrl":"https:\/\/www.enabel.be\/app\/uploads\/2022\/06\/enabel-logo-color.svg","width":103,"height":35,"caption":"Enabel - Agence belge de coop\u00e9ration internationale"},"image":{"@id":"https:\/\/www.enabel.be\/fr\/#\/schema\/logo\/image\/"},"sameAs":["https:\/\/www.facebook.com\/EnabelBelgium\/","https:\/\/x.com\/Enabel_Belgium","https:\/\/www.instagram.com\/enabel_be\/","https:\/\/www.linkedin.com\/company\/enabel\/","https:\/\/www.youtube.com\/channel\/UCHGr3iOQ9n2jORzgtkv5FyQ"]},{"@type":"Person","@id":"https:\/\/www.enabel.be\/fr\/#\/schema\/person\/c4aa9f6bb41247f0e06a9959a31d603e","name":"Pascale"}]}},"acf":[],"_links":{"self":[{"href":"https:\/\/www.enabel.be\/fr\/wp-json\/wp\/v2\/posts\/12520","targetHints":{"allow":["GET"]}}],"collection":[{"href":"https:\/\/www.enabel.be\/fr\/wp-json\/wp\/v2\/posts"}],"about":[{"href":"https:\/\/www.enabel.be\/fr\/wp-json\/wp\/v2\/types\/post"}],"author":[{"embeddable":true,"href":"https:\/\/www.enabel.be\/fr\/wp-json\/wp\/v2\/users\/4"}],"replies":[{"embeddable":true,"href":"https:\/\/www.enabel.be\/fr\/wp-json\/wp\/v2\/comments?post=12520"}],"version-history":[{"count":41,"href":"https:\/\/www.enabel.be\/fr\/wp-json\/wp\/v2\/posts\/12520\/revisions"}],"predecessor-version":[{"id":30163,"href":"https:\/\/www.enabel.be\/fr\/wp-json\/wp\/v2\/posts\/12520\/revisions\/30163"}],"wp:featuredmedia":[{"embeddable":true,"href":"https:\/\/www.enabel.be\/fr\/wp-json\/wp\/v2\/media\/22368"}],"wp:attachment":[{"href":"https:\/\/www.enabel.be\/fr\/wp-json\/wp\/v2\/media?parent=12520"}],"wp:term":[{"taxonomy":"category","embeddable":true,"href":"https:\/\/www.enabel.be\/fr\/wp-json\/wp\/v2\/categories?post=12520"},{"taxonomy":"post_tag","embeddable":true,"href":"https:\/\/www.enabel.be\/fr\/wp-json\/wp\/v2\/tags?post=12520"},{"taxonomy":"classifications","embeddable":true,"href":"https:\/\/www.enabel.be\/fr\/wp-json\/wp\/v2\/classifications?post=12520"}],"curies":[{"name":"wp","href":"https:\/\/api.w.org\/{rel}","templated":true}]}}