{"id":27946,"date":"2023-06-20T07:33:38","date_gmt":"2023-06-20T07:33:38","guid":{"rendered":"https:\/\/www.enabel.be\/?p=27946"},"modified":"2026-01-07T14:30:17","modified_gmt":"2026-01-07T14:30:17","slug":"peche-au-mali-la-cogestion-pour-resoudre-des-conflits","status":"publish","type":"post","link":"https:\/\/www.enabel.be\/fr\/peche-au-mali-la-cogestion-pour-resoudre-des-conflits\/","title":{"rendered":"P\u00eache au Mali\u202f: la cogestion pour r\u00e9soudre des conflits"},"content":{"rendered":"<header class=\"header--content overflow-hidden md:overflow-auto pt-24 md:pt-56 pb-8 relative\">\n    <div class=\"z-10 container grid grid-cols-12\">\n        <div class=\"group group-h5:bg-primary-500 col-span-12 md:col-span-8 col-start-1 md:col-start-3 text-center\">\n            \n                            <h1 data-aos=\"fade-up\">P\u00eache au Mali\u202f: la cogestion pour r\u00e9soudre des conflits<\/h1>\n                    <\/div>\n    <\/div>\n    <div class=\"relative px-4 md:px-40\" data-aos=\"fade-down\">\n        <img decoding=\"async\" width=\"1050\" height=\"700\" src=\"https:\/\/www.enabel.be\/app\/uploads\/2023\/06\/Mali_Enabel_11_DSC05847_KristofVadino-1-1.jpg\" class=\"w-full h-auto min-h-[260px] max-h-[600px] object-cover object-center relative h-auto z-10 wp-post-image\" alt=\"p\u00eacheur malien\" srcset=\"https:\/\/www.enabel.be\/app\/uploads\/2023\/06\/Mali_Enabel_11_DSC05847_KristofVadino-1-1.jpg 1050w, https:\/\/www.enabel.be\/app\/uploads\/2023\/06\/Mali_Enabel_11_DSC05847_KristofVadino-1-1-300x200.jpg 300w, https:\/\/www.enabel.be\/app\/uploads\/2023\/06\/Mali_Enabel_11_DSC05847_KristofVadino-1-1-1024x683.jpg 1024w, https:\/\/www.enabel.be\/app\/uploads\/2023\/06\/Mali_Enabel_11_DSC05847_KristofVadino-1-1-768x512.jpg 768w\" sizes=\"(max-width: 1050px) 100vw, 1050px\" \/>\n        <svg width=\"1358\" height=\"420\" viewBox=\"0 0 1358 420\" fill=\"none\" xmlns=\"http:\/\/www.w3.org\/2000\/svg\" class=\"w-[150%] md:w-full h-auto absolute z-0 top-1\/2 -translate-y-1\/2 -left-[25%] md:left-0\">\n            <g clip-path=\"url(#clip0_15_2)\">\n                <path fill-rule=\"evenodd\" clip-rule=\"evenodd\" d=\"M1655.8 395.953C1600.17 408.13 1540.08 415.577 1475.09 416.16C1146.32 419.125 855.716 309.031 677.906 51.8302C1184.21 96.4886 1493.52 -6.41358 1679.49 -127.813C1640.12 -15.3492 1594.34 202.197 1655.8 395.953Z\" fill=\"#012D3A\"\/>\n                <path fill-rule=\"evenodd\" clip-rule=\"evenodd\" d=\"M-299.305 395.953C-243.67 408.13 -183.584 415.577 -118.589 416.16C210.175 419.125 500.781 309.031 678.591 51.8302C172.29 96.4886 -137.027 -6.41358 -322.99 -127.813C-283.621 -15.3492 -237.848 202.197 -299.305 395.953Z\" fill=\"#012D3A\"\/>\n            <\/g>\n            <defs>\n                <clipPath id=\"clip0_15_2\">\n                    <rect width=\"1358\" height=\"420\" fill=\"white\"\/>\n                <\/clipPath>\n            <\/defs>\n        <\/svg>\n    <\/div>\n<\/header>\n\n\n<section class=\"section--article-content\">\n    <div class=\"container grid grid-cols-12\">\n        <div class=\"col-span-12 col-start-1 md:col-span-8 md:col-start-3\">\n            <h3 style=\"text-align: center;\"><span class=\"text-primary-500\">Au Mali, les zones de p\u00eache font l\u2019objet de nombreux conflits. Qui a le droit de p\u00eacher, quand et comment\u202f? Avant, l\u2019\u00c9tat l\u00e9gif\u00e9rait sans n\u00e9cessairement tenir compte des coutumes locales. Aujourd\u2019hui, les acteurs locaux sont impliqu\u00e9s dans un processus de cogestion et se sentent mieux entendus.<\/span><\/h3>\n<p>&nbsp;<\/p>\n<p>Voici comment la cogestion aide \u00e0 mettre en place des pratiques de p\u00eache durable, tout en r\u00e9solvant les conflits entre les diff\u00e9rents p\u00eacheur\u00b7se\u00b7s et usager\u00b7e\u00b7s.<\/p>\n<p>&nbsp;<\/p>\n<h4><strong><span class=\"text-primary-500\">L\u2019importance du secteur de la p\u00eache au Mali<\/span><\/strong><\/h4>\n<p>Le Mali a beau ne pas poss\u00e9der de c\u00f4tes, la p\u00eache y occupe une place importante. Il s\u2019agit essentiellement d\u2019une activit\u00e9 artisanale, qui se pratique sur tous les plans d\u2019eau\u202f: fleuves, lacs et mares. La p\u00eache occupe environ 7 % de la population active et repr\u00e9sente 2,4 % du PIB.<\/p>\n<p>Par ailleurs, le r\u00f4le du poisson dans la s\u00e9curit\u00e9 alimentaire des populations est crucial, puisqu\u2019il repr\u00e9sente pr\u00e8s de la moiti\u00e9 des prot\u00e9ines animales consomm\u00e9es au niveau national.<\/p>\n<p>&nbsp;<\/p>\n<h4><strong><span class=\"text-primary-500\">Source de conflits persistants<\/span><\/strong><\/h4>\n<p>Malheureusement, les zones de p\u00eache font souvent l\u2019objet de conflits. D\u2019une part, entre plusieurs familles locales qui revendiquent le droit de propri\u00e9t\u00e9 coutumier, donc la propri\u00e9t\u00e9 historique\u202fd\u2019une m\u00eame zone de p\u00eache, aussi appel\u00e9e p\u00eacherie\u202f; d\u2019autre part entre p\u00eacheur\u00b7se\u00b7s migrants (saisonniers) et p\u00eacheur\u00b7se\u00b7s locaux\u00b7ales et s\u00e9dentaires. Les p\u00eacheur\u00b7re\u00b7s autochtones reprochent aux autres de ne pas respecter les bonnes pratiques traditionnelles de p\u00eache, qui permettent d\u2019\u00e9viter la surp\u00eache ; et \u00e9galement avec d\u2019autres usager\u00b7e\u00b7s des plans d\u2019eau, comme les agriculteur\u00b7rice\u00b7s, \u00e9leveurs\u00b7es, etc.<\/p>\n\n        <\/div>\n    <\/div>\n<\/section>\n\n\n\n<figure class=\"wp-block-image aligncenter size-large is-resized\"><img decoding=\"async\" src=\"https:\/\/www.enabel.be\/app\/uploads\/2023\/06\/Mali_Enabel_23_DSC05475_KristofVadino-1-1024x683.jpg\" alt=\"\" class=\"wp-image-27873\" width=\"768\" height=\"512\" srcset=\"https:\/\/www.enabel.be\/app\/uploads\/2023\/06\/Mali_Enabel_23_DSC05475_KristofVadino-1-1024x683.jpg 1024w, https:\/\/www.enabel.be\/app\/uploads\/2023\/06\/Mali_Enabel_23_DSC05475_KristofVadino-1-300x200.jpg 300w, https:\/\/www.enabel.be\/app\/uploads\/2023\/06\/Mali_Enabel_23_DSC05475_KristofVadino-1-768x512.jpg 768w, https:\/\/www.enabel.be\/app\/uploads\/2023\/06\/Mali_Enabel_23_DSC05475_KristofVadino-1.jpg 1050w\" sizes=\"(max-width: 768px) 100vw, 768px\" \/><figcaption class=\"wp-element-caption\">Kristof Vadino pour Enabel<\/figcaption><\/figure>\n\n\n<section class=\"section--article-content\">\n    <div class=\"container grid grid-cols-12\">\n        <div class=\"col-span-12 col-start-1 md:col-span-8 md:col-start-3\">\n            <h4><strong><span class=\"text-primary-500\">La cogestion des p\u00eacheries comme solution<\/span><\/strong><\/h4>\n<p>Enabel soutient le gouvernement dans la mise en \u0153uvre d\u2019une <strong>cogestion des p\u00eacheries<\/strong>, \u00e0 travers le Projet d\u2019Appui \u00e0 la Fili\u00e8re Halieutique au Mali. Celui-ci vise une exploitation inclusive, apais\u00e9e et durable des ressources li\u00e9es \u00e0 la p\u00eache au Mali.<\/p>\n<p>Comment\u202f? En <strong>reconnaissant le r\u00f4le des acteurs locaux<\/strong> dans la gestion des p\u00eacheries. Avant, la gestion de la p\u00eache \u00e9tait avant tout centralis\u00e9e par l\u2019\u00c9tat. Aujourd\u2019hui, les communaut\u00e9s locales sont invit\u00e9es \u00e0 participer \u00e0 la prise de d\u00e9cision. Cela se fait \u00e0 travers <strong>le Conseil de p\u00eache et d\u2019aquaculture<\/strong>, un organe consultatif.<\/p>\n<p>La gestion participative permet de <strong>partager la responsabilit\u00e9<\/strong> entre les acteurs locaux et l\u2019\u00c9tat. L\u2019objectif est de prendre en compte tant les connaissances et pratiques traditionnelles reconnues par les riverain\u00b7e\u00b7s, que les mesures modernes de protection et de restauration de la biodiversit\u00e9 pr\u00e9vues par l\u2019\u00c9tat.<\/p>\n<p>&nbsp;<\/p>\n<p>D\u00e9sormais, tou\u00b7e\u00b7s les p\u00eacheur\u00b7se\u00b7s &#8211; y compris les migrant\u00b7e\u00b7s &#8211; doivent respecter les m\u00eames <strong>r\u00e8gles concr\u00e8tes<\/strong>\u202fen mati\u00e8re de p\u00eache\u202f:<\/p>\n<ul style=\"list-style-type: disc;\">\n<li>Respect de la \u2018mise en d\u00e9fens\u2019\u202f: interdiction de p\u00eacher pendant une p\u00e9riode donn\u00e9e pour permettre aux poissons de se reproduire. Elle s\u2019appuie sur un consensus au sein du village et s\u2019accompagne d\u2019une surveillance des p\u00eacheries pour emp\u00eacher toute activit\u00e9 de p\u00eache.<\/li>\n<li>Interdiction de p\u00eacher des esp\u00e8ces prot\u00e9g\u00e9es<\/li>\n<li>Utilisation &#8211; ou exclusion &#8211; de certaines m\u00e9thodes ou engins de p\u00eache.<\/li>\n<\/ul>\n<p>La mise en place de r\u00e8gles claires, qui ont fait l\u2019objet d\u2019un consensus, permet d\u2019\u00e9viter un flou juridique et donc de renforcer le respect de ces r\u00e8gles.<\/p>\n\n        <\/div>\n    <\/div>\n<\/section>\n\n\n\n<figure class=\"wp-block-image aligncenter size-large is-resized\"><img decoding=\"async\" src=\"https:\/\/www.enabel.be\/app\/uploads\/2023\/06\/Mali_Enabel_09_DSC05677_KristofVadino-1-1024x683.jpg\" alt=\"fisherman in mali\" class=\"wp-image-27937\" width=\"768\" height=\"512\" srcset=\"https:\/\/www.enabel.be\/app\/uploads\/2023\/06\/Mali_Enabel_09_DSC05677_KristofVadino-1-1024x683.jpg 1024w, https:\/\/www.enabel.be\/app\/uploads\/2023\/06\/Mali_Enabel_09_DSC05677_KristofVadino-1-300x200.jpg 300w, https:\/\/www.enabel.be\/app\/uploads\/2023\/06\/Mali_Enabel_09_DSC05677_KristofVadino-1-768x512.jpg 768w, https:\/\/www.enabel.be\/app\/uploads\/2023\/06\/Mali_Enabel_09_DSC05677_KristofVadino-1.jpg 1050w\" sizes=\"(max-width: 768px) 100vw, 768px\" \/><figcaption class=\"wp-element-caption\">Kristof Vadino pour Enabel<\/figcaption><\/figure>\n\n\n<section class=\"section--article-content\">\n    <div class=\"container grid grid-cols-12\">\n        <div class=\"col-span-12 col-start-1 md:col-span-8 md:col-start-3\">\n            <h4><strong><span class=\"text-primary-500\">Macina\u202f: un vieux conflit enfin r\u00e9solu<\/span><\/strong><\/h4>\n<p>La cogestion facilite \u00e9galement la r\u00e9solution de vieux conflits communautaires. Comme ce conflit de propri\u00e9t\u00e9 dans la commune rurale de Macina, situ\u00e9e dans le delta int\u00e9rieur du fleuve Niger.\u00a0 Depuis la p\u00e9riode coloniale, les villages de Touara, Mi\u00e9rou et Konkongourou y revendiquaient la propri\u00e9t\u00e9 de la p\u00eacherie Faradialani.<\/p>\n<p>Apr\u00e8s plusieurs tentatives de r\u00e9soudre le probl\u00e8me par la voie de la justice, les autorit\u00e9s administratives ont tent\u00e9 une autre approche\u202f: elles ont encourag\u00e9 les parties en conflit \u00e0 recourir aux solutions traditionnelles et coutumi\u00e8res de Macina, en s\u2019appuyant sur les liens sacr\u00e9s de cousinage entre les Dogons et les Bozos. En effet, d\u2019apr\u00e8s une tradition ancienne au Mali, ces deux ethnies sont tenues de garder de bonnes relations. Le projet PAFHa a accompagn\u00e9 l\u2019organisation de la c\u00e9r\u00e9monie de r\u00e9conciliation. R\u00e9sultat\u202f: les deux parties ont sign\u00e9 un acte de r\u00e9conciliation marquant la fin du conflit et cog\u00e8rent d\u00e9sormais la p\u00eacherie.<\/p>\n<p>&nbsp;<\/p>\n<blockquote><p><span style=\"color: #ff6600;\">\u00ab Cet acte de signature peut \u00eatre un exemple \u00e0 r\u00e9pliquer sur toutes les p\u00eacheries conflictuelles dans tous les villages de la commune, et m\u00eame ailleurs. Car il d\u00e9montre la force de nos traditions et de nos valeurs culturelles dans la gestion des p\u00eacheries.\u202f\u00bb\u202f Mourzouk YATTARA, maire de la commune rurale de Macina.<\/span><\/p><\/blockquote>\n<p>&nbsp;<\/p>\n<p>En rassemblant tous les acteurs impliqu\u00e9s dans la p\u00eache, la cogestion a permis un \u00e9veil des consciences. Les communaut\u00e9s ont compris son potentiel pour la pr\u00e9vention et la gestion des conflits. Au final, la cogestion renforce la coh\u00e9sion sociale autour des p\u00eacheries.<\/p>\n\n        <\/div>\n    <\/div>\n<\/section>\n\n\n<section class=\"section--article-button\">\n    <div class=\"container flex justify-center\">\n                    <a href=\"https:\/\/youtu.be\/BMwEu383cqA\" class=\"btn-primary card--animation\" target=\"blank\">\n\t\t<span>Vid\u00e9o : comment marche la pisciculture communautaire au Mali ?<\/span>\n\t<\/a>\n            <\/div>\n<\/section>","protected":false},"excerpt":{"rendered":"","protected":false},"author":3,"featured_media":27870,"comment_status":"closed","ping_status":"closed","sticky":false,"template":"","format":"standard","meta":{"_acf_changed":false,"inline_featured_image":false,"footnotes":""},"categories":[15],"tags":[],"classifications":[156,165],"class_list":["post-27946","post","type-post","status-publish","format-standard","has-post-thumbnail","hentry","category-actualites","classifications-biodiversity","classifications-security"],"yoast_head":"<!-- This site is optimized with the Yoast SEO plugin v25.9 - https:\/\/yoast.com\/wordpress\/plugins\/seo\/ -->\n<title>P\u00eache au Mali\u202f: la cogestion pour r\u00e9soudre des conflits - Enabel - Agence belge de coop\u00e9ration internationale<\/title>\n<meta name=\"description\" content=\"Au Mali, les zones de p\u00eache sont une ressource cl\u00e9, mais aussi une source de nombreux conflits. Qui a le droit de p\u00eacher, quand et comment ?\" \/>\n<meta name=\"robots\" content=\"index, follow, max-snippet:-1, max-image-preview:large, max-video-preview:-1\" \/>\n<link rel=\"canonical\" href=\"https:\/\/www.enabel.be\/fr\/peche-au-mali-la-cogestion-pour-resoudre-des-conflits\/\" \/>\n<meta property=\"og:locale\" content=\"fr_FR\" \/>\n<meta property=\"og:type\" content=\"article\" \/>\n<meta property=\"og:title\" content=\"P\u00eache au Mali\u202f: la cogestion pour r\u00e9soudre des conflits - Enabel - Agence belge de coop\u00e9ration internationale\" \/>\n<meta property=\"og:description\" content=\"Au Mali, les zones de p\u00eache sont une ressource cl\u00e9, mais aussi une source de nombreux conflits. Qui a le droit de p\u00eacher, quand et comment ?\" \/>\n<meta property=\"og:url\" content=\"https:\/\/www.enabel.be\/fr\/peche-au-mali-la-cogestion-pour-resoudre-des-conflits\/\" \/>\n<meta property=\"og:site_name\" content=\"Enabel - Agence belge de coop\u00e9ration internationale\" \/>\n<meta property=\"article:publisher\" content=\"https:\/\/www.facebook.com\/EnabelBelgium\/\" \/>\n<meta property=\"article:published_time\" content=\"2023-06-20T07:33:38+00:00\" \/>\n<meta property=\"article:modified_time\" content=\"2026-01-07T14:30:17+00:00\" \/>\n<meta property=\"og:image\" content=\"https:\/\/www.enabel.be\/app\/uploads\/2023\/06\/Mali_Enabel_11_DSC05847_KristofVadino-1-1.jpg\" \/>\n\t<meta property=\"og:image:width\" content=\"1050\" \/>\n\t<meta property=\"og:image:height\" content=\"700\" \/>\n\t<meta property=\"og:image:type\" content=\"image\/jpeg\" \/>\n<meta name=\"author\" content=\"Blanche\" \/>\n<meta name=\"twitter:card\" content=\"summary_large_image\" \/>\n<meta name=\"twitter:creator\" content=\"@Enabel_Belgium\" \/>\n<meta name=\"twitter:site\" content=\"@Enabel_Belgium\" \/>\n<meta name=\"twitter:label1\" content=\"Written by\" \/>\n\t<meta name=\"twitter:data1\" content=\"Blanche\" \/>\n\t<meta name=\"twitter:label2\" content=\"Est. reading time\" \/>\n\t<meta name=\"twitter:data2\" content=\"4 minutes\" \/>\n<script type=\"application\/ld+json\" class=\"yoast-schema-graph\">{\"@context\":\"https:\/\/schema.org\",\"@graph\":[{\"@type\":\"Article\",\"@id\":\"https:\/\/www.enabel.be\/fr\/peche-au-mali-la-cogestion-pour-resoudre-des-conflits\/#article\",\"isPartOf\":{\"@id\":\"https:\/\/www.enabel.be\/fr\/peche-au-mali-la-cogestion-pour-resoudre-des-conflits\/\"},\"author\":{\"name\":\"Blanche\",\"@id\":\"https:\/\/www.enabel.be\/fr\/#\/schema\/person\/597df7163be49a3ab375ecde2ec071e8\"},\"headline\":\"P\u00eache au Mali\u202f: la cogestion pour r\u00e9soudre des conflits\",\"datePublished\":\"2023-06-20T07:33:38+00:00\",\"dateModified\":\"2026-01-07T14:30:17+00:00\",\"mainEntityOfPage\":{\"@id\":\"https:\/\/www.enabel.be\/fr\/peche-au-mali-la-cogestion-pour-resoudre-des-conflits\/\"},\"wordCount\":19,\"publisher\":{\"@id\":\"https:\/\/www.enabel.be\/fr\/#organization\"},\"image\":{\"@id\":\"https:\/\/www.enabel.be\/fr\/peche-au-mali-la-cogestion-pour-resoudre-des-conflits\/#primaryimage\"},\"thumbnailUrl\":\"https:\/\/www.enabel.be\/app\/uploads\/2023\/06\/Mali_Enabel_11_DSC05847_KristofVadino-1-1.jpg\",\"articleSection\":[\"Actualit\u00e9s\"],\"inLanguage\":\"fr-FR\"},{\"@type\":\"WebPage\",\"@id\":\"https:\/\/www.enabel.be\/fr\/peche-au-mali-la-cogestion-pour-resoudre-des-conflits\/\",\"url\":\"https:\/\/www.enabel.be\/fr\/peche-au-mali-la-cogestion-pour-resoudre-des-conflits\/\",\"name\":\"P\u00eache au Mali\u202f: la cogestion pour r\u00e9soudre des conflits - Enabel - Agence belge de coop\u00e9ration internationale\",\"isPartOf\":{\"@id\":\"https:\/\/www.enabel.be\/fr\/#website\"},\"primaryImageOfPage\":{\"@id\":\"https:\/\/www.enabel.be\/fr\/peche-au-mali-la-cogestion-pour-resoudre-des-conflits\/#primaryimage\"},\"image\":{\"@id\":\"https:\/\/www.enabel.be\/fr\/peche-au-mali-la-cogestion-pour-resoudre-des-conflits\/#primaryimage\"},\"thumbnailUrl\":\"https:\/\/www.enabel.be\/app\/uploads\/2023\/06\/Mali_Enabel_11_DSC05847_KristofVadino-1-1.jpg\",\"datePublished\":\"2023-06-20T07:33:38+00:00\",\"dateModified\":\"2026-01-07T14:30:17+00:00\",\"description\":\"Au Mali, les zones de p\u00eache sont une ressource cl\u00e9, mais aussi une source de nombreux conflits. Qui a le droit de p\u00eacher, quand et comment ?\",\"breadcrumb\":{\"@id\":\"https:\/\/www.enabel.be\/fr\/peche-au-mali-la-cogestion-pour-resoudre-des-conflits\/#breadcrumb\"},\"inLanguage\":\"fr-FR\",\"potentialAction\":[{\"@type\":\"ReadAction\",\"target\":[\"https:\/\/www.enabel.be\/fr\/peche-au-mali-la-cogestion-pour-resoudre-des-conflits\/\"]}]},{\"@type\":\"ImageObject\",\"inLanguage\":\"fr-FR\",\"@id\":\"https:\/\/www.enabel.be\/fr\/peche-au-mali-la-cogestion-pour-resoudre-des-conflits\/#primaryimage\",\"url\":\"https:\/\/www.enabel.be\/app\/uploads\/2023\/06\/Mali_Enabel_11_DSC05847_KristofVadino-1-1.jpg\",\"contentUrl\":\"https:\/\/www.enabel.be\/app\/uploads\/2023\/06\/Mali_Enabel_11_DSC05847_KristofVadino-1-1.jpg\",\"width\":1050,\"height\":700,\"caption\":\"p\u00eacheur malien\"},{\"@type\":\"BreadcrumbList\",\"@id\":\"https:\/\/www.enabel.be\/fr\/peche-au-mali-la-cogestion-pour-resoudre-des-conflits\/#breadcrumb\",\"itemListElement\":[{\"@type\":\"ListItem\",\"position\":1,\"name\":\"Home\",\"item\":\"https:\/\/www.enabel.be\/fr\/\"},{\"@type\":\"ListItem\",\"position\":2,\"name\":\"P\u00eache au Mali\u202f: la cogestion pour r\u00e9soudre des conflits\"}]},{\"@type\":\"WebSite\",\"@id\":\"https:\/\/www.enabel.be\/fr\/#website\",\"url\":\"https:\/\/www.enabel.be\/fr\/\",\"name\":\"Enabel - Agence belge de coop\u00e9ration internationale\",\"description\":\"Enabling Change\",\"publisher\":{\"@id\":\"https:\/\/www.enabel.be\/fr\/#organization\"},\"potentialAction\":[{\"@type\":\"SearchAction\",\"target\":{\"@type\":\"EntryPoint\",\"urlTemplate\":\"https:\/\/www.enabel.be\/fr\/?s={search_term_string}\"},\"query-input\":{\"@type\":\"PropertyValueSpecification\",\"valueRequired\":true,\"valueName\":\"search_term_string\"}}],\"inLanguage\":\"fr-FR\"},{\"@type\":\"Organization\",\"@id\":\"https:\/\/www.enabel.be\/fr\/#organization\",\"name\":\"Enabel - Agence belge de coop\u00e9ration internationale\",\"url\":\"https:\/\/www.enabel.be\/fr\/\",\"logo\":{\"@type\":\"ImageObject\",\"inLanguage\":\"fr-FR\",\"@id\":\"https:\/\/www.enabel.be\/fr\/#\/schema\/logo\/image\/\",\"url\":\"https:\/\/www.enabel.be\/app\/uploads\/2022\/06\/enabel-logo-color.svg\",\"contentUrl\":\"https:\/\/www.enabel.be\/app\/uploads\/2022\/06\/enabel-logo-color.svg\",\"width\":103,\"height\":35,\"caption\":\"Enabel - Agence belge de coop\u00e9ration internationale\"},\"image\":{\"@id\":\"https:\/\/www.enabel.be\/fr\/#\/schema\/logo\/image\/\"},\"sameAs\":[\"https:\/\/www.facebook.com\/EnabelBelgium\/\",\"https:\/\/x.com\/Enabel_Belgium\",\"https:\/\/www.instagram.com\/enabel_be\/\",\"https:\/\/www.linkedin.com\/company\/enabel\/\",\"https:\/\/www.youtube.com\/channel\/UCHGr3iOQ9n2jORzgtkv5FyQ\"]},{\"@type\":\"Person\",\"@id\":\"https:\/\/www.enabel.be\/fr\/#\/schema\/person\/597df7163be49a3ab375ecde2ec071e8\",\"name\":\"Blanche\"}]}<\/script>\n<!-- \/ Yoast SEO plugin. -->","yoast_head_json":{"title":"P\u00eache au Mali\u202f: la cogestion pour r\u00e9soudre des conflits - Enabel - Agence belge de coop\u00e9ration internationale","description":"Au Mali, les zones de p\u00eache sont une ressource cl\u00e9, mais aussi une source de nombreux conflits. Qui a le droit de p\u00eacher, quand et comment ?","robots":{"index":"index","follow":"follow","max-snippet":"max-snippet:-1","max-image-preview":"max-image-preview:large","max-video-preview":"max-video-preview:-1"},"canonical":"https:\/\/www.enabel.be\/fr\/peche-au-mali-la-cogestion-pour-resoudre-des-conflits\/","og_locale":"fr_FR","og_type":"article","og_title":"P\u00eache au Mali\u202f: la cogestion pour r\u00e9soudre des conflits - Enabel - Agence belge de coop\u00e9ration internationale","og_description":"Au Mali, les zones de p\u00eache sont une ressource cl\u00e9, mais aussi une source de nombreux conflits. Qui a le droit de p\u00eacher, quand et comment ?","og_url":"https:\/\/www.enabel.be\/fr\/peche-au-mali-la-cogestion-pour-resoudre-des-conflits\/","og_site_name":"Enabel - Agence belge de coop\u00e9ration internationale","article_publisher":"https:\/\/www.facebook.com\/EnabelBelgium\/","article_published_time":"2023-06-20T07:33:38+00:00","article_modified_time":"2026-01-07T14:30:17+00:00","og_image":[{"width":1050,"height":700,"url":"https:\/\/www.enabel.be\/app\/uploads\/2023\/06\/Mali_Enabel_11_DSC05847_KristofVadino-1-1.jpg","type":"image\/jpeg"}],"author":"Blanche","twitter_card":"summary_large_image","twitter_creator":"@Enabel_Belgium","twitter_site":"@Enabel_Belgium","twitter_misc":{"Written by":"Blanche","Est. reading time":"4 minutes"},"schema":{"@context":"https:\/\/schema.org","@graph":[{"@type":"Article","@id":"https:\/\/www.enabel.be\/fr\/peche-au-mali-la-cogestion-pour-resoudre-des-conflits\/#article","isPartOf":{"@id":"https:\/\/www.enabel.be\/fr\/peche-au-mali-la-cogestion-pour-resoudre-des-conflits\/"},"author":{"name":"Blanche","@id":"https:\/\/www.enabel.be\/fr\/#\/schema\/person\/597df7163be49a3ab375ecde2ec071e8"},"headline":"P\u00eache au Mali\u202f: la cogestion pour r\u00e9soudre des conflits","datePublished":"2023-06-20T07:33:38+00:00","dateModified":"2026-01-07T14:30:17+00:00","mainEntityOfPage":{"@id":"https:\/\/www.enabel.be\/fr\/peche-au-mali-la-cogestion-pour-resoudre-des-conflits\/"},"wordCount":19,"publisher":{"@id":"https:\/\/www.enabel.be\/fr\/#organization"},"image":{"@id":"https:\/\/www.enabel.be\/fr\/peche-au-mali-la-cogestion-pour-resoudre-des-conflits\/#primaryimage"},"thumbnailUrl":"https:\/\/www.enabel.be\/app\/uploads\/2023\/06\/Mali_Enabel_11_DSC05847_KristofVadino-1-1.jpg","articleSection":["Actualit\u00e9s"],"inLanguage":"fr-FR"},{"@type":"WebPage","@id":"https:\/\/www.enabel.be\/fr\/peche-au-mali-la-cogestion-pour-resoudre-des-conflits\/","url":"https:\/\/www.enabel.be\/fr\/peche-au-mali-la-cogestion-pour-resoudre-des-conflits\/","name":"P\u00eache au Mali\u202f: la cogestion pour r\u00e9soudre des conflits - Enabel - Agence belge de coop\u00e9ration internationale","isPartOf":{"@id":"https:\/\/www.enabel.be\/fr\/#website"},"primaryImageOfPage":{"@id":"https:\/\/www.enabel.be\/fr\/peche-au-mali-la-cogestion-pour-resoudre-des-conflits\/#primaryimage"},"image":{"@id":"https:\/\/www.enabel.be\/fr\/peche-au-mali-la-cogestion-pour-resoudre-des-conflits\/#primaryimage"},"thumbnailUrl":"https:\/\/www.enabel.be\/app\/uploads\/2023\/06\/Mali_Enabel_11_DSC05847_KristofVadino-1-1.jpg","datePublished":"2023-06-20T07:33:38+00:00","dateModified":"2026-01-07T14:30:17+00:00","description":"Au Mali, les zones de p\u00eache sont une ressource cl\u00e9, mais aussi une source de nombreux conflits. Qui a le droit de p\u00eacher, quand et comment ?","breadcrumb":{"@id":"https:\/\/www.enabel.be\/fr\/peche-au-mali-la-cogestion-pour-resoudre-des-conflits\/#breadcrumb"},"inLanguage":"fr-FR","potentialAction":[{"@type":"ReadAction","target":["https:\/\/www.enabel.be\/fr\/peche-au-mali-la-cogestion-pour-resoudre-des-conflits\/"]}]},{"@type":"ImageObject","inLanguage":"fr-FR","@id":"https:\/\/www.enabel.be\/fr\/peche-au-mali-la-cogestion-pour-resoudre-des-conflits\/#primaryimage","url":"https:\/\/www.enabel.be\/app\/uploads\/2023\/06\/Mali_Enabel_11_DSC05847_KristofVadino-1-1.jpg","contentUrl":"https:\/\/www.enabel.be\/app\/uploads\/2023\/06\/Mali_Enabel_11_DSC05847_KristofVadino-1-1.jpg","width":1050,"height":700,"caption":"p\u00eacheur malien"},{"@type":"BreadcrumbList","@id":"https:\/\/www.enabel.be\/fr\/peche-au-mali-la-cogestion-pour-resoudre-des-conflits\/#breadcrumb","itemListElement":[{"@type":"ListItem","position":1,"name":"Home","item":"https:\/\/www.enabel.be\/fr\/"},{"@type":"ListItem","position":2,"name":"P\u00eache au Mali\u202f: la cogestion pour r\u00e9soudre des conflits"}]},{"@type":"WebSite","@id":"https:\/\/www.enabel.be\/fr\/#website","url":"https:\/\/www.enabel.be\/fr\/","name":"Enabel - Agence belge de coop\u00e9ration internationale","description":"Enabling Change","publisher":{"@id":"https:\/\/www.enabel.be\/fr\/#organization"},"potentialAction":[{"@type":"SearchAction","target":{"@type":"EntryPoint","urlTemplate":"https:\/\/www.enabel.be\/fr\/?s={search_term_string}"},"query-input":{"@type":"PropertyValueSpecification","valueRequired":true,"valueName":"search_term_string"}}],"inLanguage":"fr-FR"},{"@type":"Organization","@id":"https:\/\/www.enabel.be\/fr\/#organization","name":"Enabel - Agence belge de coop\u00e9ration internationale","url":"https:\/\/www.enabel.be\/fr\/","logo":{"@type":"ImageObject","inLanguage":"fr-FR","@id":"https:\/\/www.enabel.be\/fr\/#\/schema\/logo\/image\/","url":"https:\/\/www.enabel.be\/app\/uploads\/2022\/06\/enabel-logo-color.svg","contentUrl":"https:\/\/www.enabel.be\/app\/uploads\/2022\/06\/enabel-logo-color.svg","width":103,"height":35,"caption":"Enabel - Agence belge de coop\u00e9ration internationale"},"image":{"@id":"https:\/\/www.enabel.be\/fr\/#\/schema\/logo\/image\/"},"sameAs":["https:\/\/www.facebook.com\/EnabelBelgium\/","https:\/\/x.com\/Enabel_Belgium","https:\/\/www.instagram.com\/enabel_be\/","https:\/\/www.linkedin.com\/company\/enabel\/","https:\/\/www.youtube.com\/channel\/UCHGr3iOQ9n2jORzgtkv5FyQ"]},{"@type":"Person","@id":"https:\/\/www.enabel.be\/fr\/#\/schema\/person\/597df7163be49a3ab375ecde2ec071e8","name":"Blanche"}]}},"acf":[],"_links":{"self":[{"href":"https:\/\/www.enabel.be\/fr\/wp-json\/wp\/v2\/posts\/27946","targetHints":{"allow":["GET"]}}],"collection":[{"href":"https:\/\/www.enabel.be\/fr\/wp-json\/wp\/v2\/posts"}],"about":[{"href":"https:\/\/www.enabel.be\/fr\/wp-json\/wp\/v2\/types\/post"}],"author":[{"embeddable":true,"href":"https:\/\/www.enabel.be\/fr\/wp-json\/wp\/v2\/users\/3"}],"replies":[{"embeddable":true,"href":"https:\/\/www.enabel.be\/fr\/wp-json\/wp\/v2\/comments?post=27946"}],"version-history":[{"count":6,"href":"https:\/\/www.enabel.be\/fr\/wp-json\/wp\/v2\/posts\/27946\/revisions"}],"predecessor-version":[{"id":27992,"href":"https:\/\/www.enabel.be\/fr\/wp-json\/wp\/v2\/posts\/27946\/revisions\/27992"}],"wp:featuredmedia":[{"embeddable":true,"href":"https:\/\/www.enabel.be\/fr\/wp-json\/wp\/v2\/media\/27870"}],"wp:attachment":[{"href":"https:\/\/www.enabel.be\/fr\/wp-json\/wp\/v2\/media?parent=27946"}],"wp:term":[{"taxonomy":"category","embeddable":true,"href":"https:\/\/www.enabel.be\/fr\/wp-json\/wp\/v2\/categories?post=27946"},{"taxonomy":"post_tag","embeddable":true,"href":"https:\/\/www.enabel.be\/fr\/wp-json\/wp\/v2\/tags?post=27946"},{"taxonomy":"classifications","embeddable":true,"href":"https:\/\/www.enabel.be\/fr\/wp-json\/wp\/v2\/classifications?post=27946"}],"curies":[{"name":"wp","href":"https:\/\/api.w.org\/{rel}","templated":true}]}}