{"id":39469,"date":"2024-06-07T08:00:00","date_gmt":"2024-06-07T08:00:00","guid":{"rendered":"https:\/\/www.enabel.be\/?p=39469"},"modified":"2024-05-30T15:19:49","modified_gmt":"2024-05-30T15:19:49","slug":"comment-financer-notre-futur","status":"publish","type":"post","link":"https:\/\/www.enabel.be\/fr\/comment-financer-notre-futur\/","title":{"rendered":"Comment financer notre futur\u202f?"},"content":{"rendered":"<header class=\"header--content overflow-hidden md:overflow-auto pt-24 md:pt-56 pb-8 relative\">\n    <div class=\"z-10 container grid grid-cols-12\">\n        <div class=\"group group-h5:bg-primary-500 col-span-12 md:col-span-8 col-start-1 md:col-start-3 text-center\">\n            \n                            <h1 data-aos=\"fade-up\">Comment financer notre futur\u202f?<\/h1>\n                    <\/div>\n    <\/div>\n    <div class=\"relative px-4 md:px-40\" data-aos=\"fade-down\">\n        <img decoding=\"async\" width=\"2560\" height=\"1513\" src=\"https:\/\/www.enabel.be\/app\/uploads\/2024\/05\/AdobeStock_225827783_RET_RGB_2560px.jpg\" class=\"w-full h-auto min-h-[260px] max-h-[600px] object-cover object-center relative h-auto z-10 wp-post-image\" alt=\"forest landscape\" srcset=\"https:\/\/www.enabel.be\/app\/uploads\/2024\/05\/AdobeStock_225827783_RET_RGB_2560px.jpg 2560w, https:\/\/www.enabel.be\/app\/uploads\/2024\/05\/AdobeStock_225827783_RET_RGB_2560px-300x177.jpg 300w, https:\/\/www.enabel.be\/app\/uploads\/2024\/05\/AdobeStock_225827783_RET_RGB_2560px-1024x605.jpg 1024w, https:\/\/www.enabel.be\/app\/uploads\/2024\/05\/AdobeStock_225827783_RET_RGB_2560px-768x454.jpg 768w, https:\/\/www.enabel.be\/app\/uploads\/2024\/05\/AdobeStock_225827783_RET_RGB_2560px-1536x908.jpg 1536w, https:\/\/www.enabel.be\/app\/uploads\/2024\/05\/AdobeStock_225827783_RET_RGB_2560px-2048x1210.jpg 2048w\" sizes=\"(max-width: 2560px) 100vw, 2560px\" \/>\n        <svg width=\"1358\" height=\"420\" viewBox=\"0 0 1358 420\" fill=\"none\" xmlns=\"http:\/\/www.w3.org\/2000\/svg\" class=\"w-[150%] md:w-full h-auto absolute z-0 top-1\/2 -translate-y-1\/2 -left-[25%] md:left-0\">\n            <g clip-path=\"url(#clip0_15_2)\">\n                <path fill-rule=\"evenodd\" clip-rule=\"evenodd\" d=\"M1655.8 395.953C1600.17 408.13 1540.08 415.577 1475.09 416.16C1146.32 419.125 855.716 309.031 677.906 51.8302C1184.21 96.4886 1493.52 -6.41358 1679.49 -127.813C1640.12 -15.3492 1594.34 202.197 1655.8 395.953Z\" fill=\"#012D3A\"\/>\n                <path fill-rule=\"evenodd\" clip-rule=\"evenodd\" d=\"M-299.305 395.953C-243.67 408.13 -183.584 415.577 -118.589 416.16C210.175 419.125 500.781 309.031 678.591 51.8302C172.29 96.4886 -137.027 -6.41358 -322.99 -127.813C-283.621 -15.3492 -237.848 202.197 -299.305 395.953Z\" fill=\"#012D3A\"\/>\n            <\/g>\n            <defs>\n                <clipPath id=\"clip0_15_2\">\n                    <rect width=\"1358\" height=\"420\" fill=\"white\"\/>\n                <\/clipPath>\n            <\/defs>\n        <\/svg>\n    <\/div>\n<\/header>\n\n\n<section class=\"section--article-content\">\n    <div class=\"container grid grid-cols-12\">\n        <div class=\"col-span-12 col-start-1 md:col-span-8 md:col-start-3\">\n            <h3 style=\"text-align: center;\"><span class=\"text-primary-500\">A l\u2019heure o\u00f9 les crises climatiques se succ\u00e8dent en cascade, la n\u00e9cessit\u00e9 de limiter le r\u00e9chauffement climatique \u00e0 +1,5 degr\u00e9s n\u2019a jamais \u00e9t\u00e9 aussi pr\u00e9gnante. Les conclusions de la COP28 font \u00e9cho \u00e0 ce besoin, en affirmant la n\u00e9cessit\u00e9 de sortir des \u00e9nergies fossiles et de promouvoir une transition \u00e9nerg\u00e9tique durable.<\/span><\/h3>\n<p>&nbsp;<\/p>\n<p>La transition vers des sources d\u2019\u00e9nergie renouvelables n\u2019est pas seulement un pr\u00e9requis pour att\u00e9nuer les effets du changement climatique\u202f: elle permettrait \u00e9galement de faire face \u00e0 d\u2019autres d\u00e9fis mondiaux qui lui sont li\u00e9s, comme la pauvret\u00e9 et les in\u00e9galit\u00e9s sociales. Une transition climatique juste est d\u00e9sormais une condition <em>sine qua non<\/em> pour assurer que notre plan\u00e8te reste habitable. Cependant, plus que de la bonne volont\u00e9 politique, elle exige la mise en place d\u2019un cadre financier solide et de m\u00e9canismes innovants de financement \u00e0 une \u00e9chelle sans pr\u00e9c\u00e9dent.<br \/>\n&nbsp;<\/p>\n<h4 style=\"text-align: center;\"><span class=\"text-primary-500\">\u00c9change de dettes\u202f: le nouveau souffle du climat<\/span><\/h4>\n<hr \/>\n<p>Parmi les nouveaux outils existants, <strong>la conversion de dettes en actions de lutte contre le changement climatique<\/strong> \u2013 \u00e9galement appel\u00e9e \u00ab\u202f\u00e9change dette-climat\u202f\u00bb &#8211; est une des approches choisies par la Belgique pour soutenir le Mozambique\u202f: Enabel a facilit\u00e9 les n\u00e9gociations entre les deux pays, aboutissant \u00e0 une annulation d\u2019une partie de la dette souveraine du Mozambique envers l\u2019\u00c9tat belge. Cet \u00e9change, qui s\u2019\u00e9l\u00e8ve \u00e0 environ 2.4 millions d\u2019euros, permettra au Mozambique d\u2019investir dans des projets qui permettront aux populations de mieux se pr\u00e9munir des effets adverses du changement climatique, et de limiter les dommages futurs.<\/p>\n<p>Enabel travaille par exemple avec les autorit\u00e9s mozambicaines pour mettre en place <strong>des syst\u00e8mes d\u2019alerte pr\u00e9coce pour les cyclones<\/strong>, dans les districts qui en sont d\u00e9pourvus. Peu on\u00e9reux et faciles \u00e0 mettre en place, ces syst\u00e8mes peuvent r\u00e9duire consid\u00e9rablement l\u2019impact d\u2019une catastrophe en pr\u00e9venant les populations d\u2019un danger imminent. En compl\u00e9ment, <strong>la planification spatiale int\u00e9gr\u00e9e<\/strong> constitue un autre axe d\u2019action : celle-ci permet notamment de comprendre les risques et le potentiel li\u00e9s \u00e0 certaines zones sujettes aux catastrophes naturelles, de les cartographier, et d\u2019optimiser l\u2019emplacement de certaines infrastructures.<\/p>\n<p>En somme, l\u2019\u00e9change dette-climat est une solution innovante qui permet de faire d\u2019une pierre deux coups\u202f: d\u2019un c\u00f4t\u00e9, elle r\u00e9duit la dette, et de l\u2019autre, elle mobilise des ressources suppl\u00e9mentaires pour lutter contre la crise climatique.<\/p>\n<p>&nbsp;<\/p>\n<h4 style=\"text-align: center;\"><span class=\"text-primary-500\">Le secteur priv\u00e9 au c\u0153ur de la transition climatique<\/span><\/h4>\n<hr \/>\n<p>Mais si les financements publics sont essentiels pour renforcer la r\u00e9silience climatique, l\u2019ampleur colossale des investissements requis d\u00e9passe la seule capacit\u00e9 des budgets \u00e9tatiques\u202f: l\u2019aide publique au d\u00e9veloppement repr\u00e9sente 0,49% du revenu national brut (RNB) agr\u00e9g\u00e9 des Etats membres de l\u2019Union europ\u00e9enne, alors que l\u2019investissement global requis pour la mitigation climatique est estim\u00e9 \u00e0 15% du RNB. L\u2019implication du secteur priv\u00e9 est donc imp\u00e9rative pour disposer de ressources financi\u00e8res \u00e0 la hauteur du d\u00e9fi climatique.<\/p>\n<p><strong>En Palestine<\/strong>, Enabel travaille en \u00e9troite collaboration avec le secteur priv\u00e9 pour <strong>promouvoir une \u00e9conomie verte et circulaire<\/strong>. A travers l\u2019initiative \u00ab\u202fGreen Palestine\u202f\u00bb en Cisjordanie, nos \u00e9quipes travaillent de concert avec l\u2019Union de la pierre et du marbre, et l&rsquo;Union des industries alimentaires et agricoles palestiniennes. Dans ces secteurs, l\u2019ambition est d\u2019am\u00e9liorer la gestion des d\u00e9chets et leur recyclage, de renforcer l\u2019efficacit\u00e9 \u00e9nerg\u00e9tique et de promouvoir les \u00e9nergies renouvelables, et d\u2019am\u00e9liorer les capacit\u00e9s et la sensibilisation au sein de ces structures.<\/p>\n<p>Avec pour objectif, la cr\u00e9ation d\u2019un nouvel \u00e9cosyst\u00e8me d\u2019entreprises proposant des solutions durables dans l\u2019\u00e9conomie verte et circulaire, g\u00e9n\u00e9rant des emplois locaux &#8211; notamment pour les femmes \u2013 et encourageant d\u2019autres investissements durables.<\/p>\n<p><strong>Au Rwanda<\/strong>, nous collaborons avec le gouvernement et des entreprises rwandaises afin de promouvoir une <strong>architecture durable<\/strong>, en utilisant des <strong>mat\u00e9riaux de construction locaux<\/strong>. Cette approche permet non seulement de r\u00e9duire les co\u00fbts d\u2019import de mat\u00e9riaux urbains \u2013 le plus souvent le b\u00e9ton &#8211; dont la production est par ailleurs tr\u00e8s \u00e9nergivore ; mais elle encourage aussi l\u2019utilisation de mat\u00e9riaux durables Made in Rwanda tels que la pierre, le bambou ou la brique perfor\u00e9e, contribuant ainsi \u00e0 l\u2019\u00e9conomie en permettant aux producteur\u00b7rices locaux\u00b7ales de se d\u00e9velopper.<\/p>\n<p style=\"text-align: center;\">\n<span class=\"text-primary-500\">La finance climatique va bien au-del\u00e0 de simples investissements destin\u00e9s \u00e0 att\u00e9nuer les effets du changement climatique : elle exige une refonte totale et sans \u00e9quivoque du syst\u00e8me financier actuel. Des d\u00e9cisions concernant les syst\u00e8mes \u00e9nerg\u00e9tiques aux mat\u00e9riaux de construction utilis\u00e9s \u00e0 grande \u00e9chelle, en passant par les transports et les \u00e9missions issues du secteur agricole, tous les flux financiers doivent progressivement converger vers l&rsquo;objectif des 1,5 degr\u00e9s. En soutenant les initiatives vertes du secteur priv\u00e9, nous contribuons \u00e0 r\u00e9duire leur risque financier, \u00e0 encourager d&rsquo;autres investissements priv\u00e9s et \u00e0 favoriser l&rsquo;\u00e9mergence d&rsquo;une \u00e9conomie verte et durable. A suivre.<\/span><\/p>\n\n        <\/div>\n    <\/div>\n<\/section>\n\n\n<section class=\"section--article-button\">\n    <div class=\"container flex justify-center\">\n                    <a href=\"https:\/\/stories.enabel.be\/rapport-dactivites-2023-2024\/\" class=\"btn-primary card--animation\" target=\"blank\">\n\t\t<span>Lisez le rapport d&rsquo;activit\u00e9s 2023-2024<\/span>\n\t<\/a>\n            <\/div>\n<\/section>","protected":false},"excerpt":{"rendered":"","protected":false},"author":3,"featured_media":39342,"comment_status":"closed","ping_status":"closed","sticky":false,"template":"","format":"standard","meta":{"_acf_changed":false,"inline_featured_image":false,"footnotes":""},"categories":[15],"tags":[],"classifications":[],"class_list":["post-39469","post","type-post","status-publish","format-standard","has-post-thumbnail","hentry","category-actualites"],"yoast_head":"<!-- This site is optimized with the Yoast SEO plugin v25.9 - https:\/\/yoast.com\/wordpress\/plugins\/seo\/ -->\n<title>Comment financer notre futur\u202f? - Enabel - Agence belge de coop\u00e9ration internationale<\/title>\n<meta name=\"description\" content=\"A l\u2019heure o\u00f9 les crises climatiques se succ\u00e8dent, la n\u00e9cessit\u00e9 de limiter le r\u00e9chauffement climatique \u00e0 +1,5 degr\u00e9s n\u2019a jamais \u00e9t\u00e9 aussi pr\u00e9gnante.\" \/>\n<meta name=\"robots\" content=\"index, follow, max-snippet:-1, max-image-preview:large, max-video-preview:-1\" \/>\n<link rel=\"canonical\" href=\"https:\/\/www.enabel.be\/fr\/comment-financer-notre-futur\/\" \/>\n<meta property=\"og:locale\" content=\"fr_FR\" \/>\n<meta property=\"og:type\" content=\"article\" \/>\n<meta property=\"og:title\" content=\"Comment financer notre futur\u202f? - Enabel - Agence belge de coop\u00e9ration internationale\" \/>\n<meta property=\"og:description\" content=\"A l\u2019heure o\u00f9 les crises climatiques se succ\u00e8dent, la n\u00e9cessit\u00e9 de limiter le r\u00e9chauffement climatique \u00e0 +1,5 degr\u00e9s n\u2019a jamais \u00e9t\u00e9 aussi pr\u00e9gnante.\" \/>\n<meta property=\"og:url\" content=\"https:\/\/www.enabel.be\/fr\/comment-financer-notre-futur\/\" \/>\n<meta property=\"og:site_name\" content=\"Enabel - Agence belge de coop\u00e9ration internationale\" \/>\n<meta property=\"article:publisher\" content=\"https:\/\/www.facebook.com\/EnabelBelgium\/\" \/>\n<meta property=\"article:published_time\" content=\"2024-06-07T08:00:00+00:00\" \/>\n<meta property=\"og:image\" content=\"https:\/\/www.enabel.be\/app\/uploads\/2024\/05\/AdobeStock_225827783_RET_RGB_2560px.jpg\" \/>\n\t<meta property=\"og:image:width\" content=\"2560\" \/>\n\t<meta property=\"og:image:height\" content=\"1513\" \/>\n\t<meta property=\"og:image:type\" content=\"image\/jpeg\" \/>\n<meta name=\"author\" content=\"Blanche\" \/>\n<meta name=\"twitter:card\" content=\"summary_large_image\" \/>\n<meta name=\"twitter:creator\" content=\"@Enabel_Belgium\" \/>\n<meta name=\"twitter:site\" content=\"@Enabel_Belgium\" \/>\n<meta name=\"twitter:label1\" content=\"Written by\" \/>\n\t<meta name=\"twitter:data1\" content=\"Blanche\" \/>\n<script type=\"application\/ld+json\" class=\"yoast-schema-graph\">{\"@context\":\"https:\/\/schema.org\",\"@graph\":[{\"@type\":\"Article\",\"@id\":\"https:\/\/www.enabel.be\/fr\/comment-financer-notre-futur\/#article\",\"isPartOf\":{\"@id\":\"https:\/\/www.enabel.be\/fr\/comment-financer-notre-futur\/\"},\"author\":{\"name\":\"Blanche\",\"@id\":\"https:\/\/www.enabel.be\/fr\/#\/schema\/person\/597df7163be49a3ab375ecde2ec071e8\"},\"headline\":\"Comment financer notre futur\u202f?\",\"datePublished\":\"2024-06-07T08:00:00+00:00\",\"mainEntityOfPage\":{\"@id\":\"https:\/\/www.enabel.be\/fr\/comment-financer-notre-futur\/\"},\"wordCount\":4,\"publisher\":{\"@id\":\"https:\/\/www.enabel.be\/fr\/#organization\"},\"image\":{\"@id\":\"https:\/\/www.enabel.be\/fr\/comment-financer-notre-futur\/#primaryimage\"},\"thumbnailUrl\":\"https:\/\/www.enabel.be\/app\/uploads\/2024\/05\/AdobeStock_225827783_RET_RGB_2560px.jpg\",\"articleSection\":[\"Actualit\u00e9s\"],\"inLanguage\":\"fr-FR\"},{\"@type\":\"WebPage\",\"@id\":\"https:\/\/www.enabel.be\/fr\/comment-financer-notre-futur\/\",\"url\":\"https:\/\/www.enabel.be\/fr\/comment-financer-notre-futur\/\",\"name\":\"Comment financer notre futur\u202f? - Enabel - Agence belge de coop\u00e9ration internationale\",\"isPartOf\":{\"@id\":\"https:\/\/www.enabel.be\/fr\/#website\"},\"primaryImageOfPage\":{\"@id\":\"https:\/\/www.enabel.be\/fr\/comment-financer-notre-futur\/#primaryimage\"},\"image\":{\"@id\":\"https:\/\/www.enabel.be\/fr\/comment-financer-notre-futur\/#primaryimage\"},\"thumbnailUrl\":\"https:\/\/www.enabel.be\/app\/uploads\/2024\/05\/AdobeStock_225827783_RET_RGB_2560px.jpg\",\"datePublished\":\"2024-06-07T08:00:00+00:00\",\"description\":\"A l\u2019heure o\u00f9 les crises climatiques se succ\u00e8dent, la n\u00e9cessit\u00e9 de limiter le r\u00e9chauffement climatique \u00e0 +1,5 degr\u00e9s n\u2019a jamais \u00e9t\u00e9 aussi pr\u00e9gnante.\",\"breadcrumb\":{\"@id\":\"https:\/\/www.enabel.be\/fr\/comment-financer-notre-futur\/#breadcrumb\"},\"inLanguage\":\"fr-FR\",\"potentialAction\":[{\"@type\":\"ReadAction\",\"target\":[\"https:\/\/www.enabel.be\/fr\/comment-financer-notre-futur\/\"]}]},{\"@type\":\"ImageObject\",\"inLanguage\":\"fr-FR\",\"@id\":\"https:\/\/www.enabel.be\/fr\/comment-financer-notre-futur\/#primaryimage\",\"url\":\"https:\/\/www.enabel.be\/app\/uploads\/2024\/05\/AdobeStock_225827783_RET_RGB_2560px.jpg\",\"contentUrl\":\"https:\/\/www.enabel.be\/app\/uploads\/2024\/05\/AdobeStock_225827783_RET_RGB_2560px.jpg\",\"width\":2560,\"height\":1513,\"caption\":\"forest landscape\"},{\"@type\":\"BreadcrumbList\",\"@id\":\"https:\/\/www.enabel.be\/fr\/comment-financer-notre-futur\/#breadcrumb\",\"itemListElement\":[{\"@type\":\"ListItem\",\"position\":1,\"name\":\"Home\",\"item\":\"https:\/\/www.enabel.be\/fr\/\"},{\"@type\":\"ListItem\",\"position\":2,\"name\":\"Comment financer notre futur\u202f?\"}]},{\"@type\":\"WebSite\",\"@id\":\"https:\/\/www.enabel.be\/fr\/#website\",\"url\":\"https:\/\/www.enabel.be\/fr\/\",\"name\":\"Enabel - Agence belge de coop\u00e9ration internationale\",\"description\":\"Enabling Change\",\"publisher\":{\"@id\":\"https:\/\/www.enabel.be\/fr\/#organization\"},\"potentialAction\":[{\"@type\":\"SearchAction\",\"target\":{\"@type\":\"EntryPoint\",\"urlTemplate\":\"https:\/\/www.enabel.be\/fr\/?s={search_term_string}\"},\"query-input\":{\"@type\":\"PropertyValueSpecification\",\"valueRequired\":true,\"valueName\":\"search_term_string\"}}],\"inLanguage\":\"fr-FR\"},{\"@type\":\"Organization\",\"@id\":\"https:\/\/www.enabel.be\/fr\/#organization\",\"name\":\"Enabel - Agence belge de coop\u00e9ration internationale\",\"url\":\"https:\/\/www.enabel.be\/fr\/\",\"logo\":{\"@type\":\"ImageObject\",\"inLanguage\":\"fr-FR\",\"@id\":\"https:\/\/www.enabel.be\/fr\/#\/schema\/logo\/image\/\",\"url\":\"https:\/\/www.enabel.be\/app\/uploads\/2022\/06\/enabel-logo-color.svg\",\"contentUrl\":\"https:\/\/www.enabel.be\/app\/uploads\/2022\/06\/enabel-logo-color.svg\",\"width\":103,\"height\":35,\"caption\":\"Enabel - Agence belge de coop\u00e9ration internationale\"},\"image\":{\"@id\":\"https:\/\/www.enabel.be\/fr\/#\/schema\/logo\/image\/\"},\"sameAs\":[\"https:\/\/www.facebook.com\/EnabelBelgium\/\",\"https:\/\/x.com\/Enabel_Belgium\",\"https:\/\/www.instagram.com\/enabel_be\/\",\"https:\/\/www.linkedin.com\/company\/enabel\/\",\"https:\/\/www.youtube.com\/channel\/UCHGr3iOQ9n2jORzgtkv5FyQ\"]},{\"@type\":\"Person\",\"@id\":\"https:\/\/www.enabel.be\/fr\/#\/schema\/person\/597df7163be49a3ab375ecde2ec071e8\",\"name\":\"Blanche\"}]}<\/script>\n<!-- \/ Yoast SEO plugin. -->","yoast_head_json":{"title":"Comment financer notre futur\u202f? - Enabel - Agence belge de coop\u00e9ration internationale","description":"A l\u2019heure o\u00f9 les crises climatiques se succ\u00e8dent, la n\u00e9cessit\u00e9 de limiter le r\u00e9chauffement climatique \u00e0 +1,5 degr\u00e9s n\u2019a jamais \u00e9t\u00e9 aussi pr\u00e9gnante.","robots":{"index":"index","follow":"follow","max-snippet":"max-snippet:-1","max-image-preview":"max-image-preview:large","max-video-preview":"max-video-preview:-1"},"canonical":"https:\/\/www.enabel.be\/fr\/comment-financer-notre-futur\/","og_locale":"fr_FR","og_type":"article","og_title":"Comment financer notre futur\u202f? - Enabel - Agence belge de coop\u00e9ration internationale","og_description":"A l\u2019heure o\u00f9 les crises climatiques se succ\u00e8dent, la n\u00e9cessit\u00e9 de limiter le r\u00e9chauffement climatique \u00e0 +1,5 degr\u00e9s n\u2019a jamais \u00e9t\u00e9 aussi pr\u00e9gnante.","og_url":"https:\/\/www.enabel.be\/fr\/comment-financer-notre-futur\/","og_site_name":"Enabel - Agence belge de coop\u00e9ration internationale","article_publisher":"https:\/\/www.facebook.com\/EnabelBelgium\/","article_published_time":"2024-06-07T08:00:00+00:00","og_image":[{"width":2560,"height":1513,"url":"https:\/\/www.enabel.be\/app\/uploads\/2024\/05\/AdobeStock_225827783_RET_RGB_2560px.jpg","type":"image\/jpeg"}],"author":"Blanche","twitter_card":"summary_large_image","twitter_creator":"@Enabel_Belgium","twitter_site":"@Enabel_Belgium","twitter_misc":{"Written by":"Blanche"},"schema":{"@context":"https:\/\/schema.org","@graph":[{"@type":"Article","@id":"https:\/\/www.enabel.be\/fr\/comment-financer-notre-futur\/#article","isPartOf":{"@id":"https:\/\/www.enabel.be\/fr\/comment-financer-notre-futur\/"},"author":{"name":"Blanche","@id":"https:\/\/www.enabel.be\/fr\/#\/schema\/person\/597df7163be49a3ab375ecde2ec071e8"},"headline":"Comment financer notre futur\u202f?","datePublished":"2024-06-07T08:00:00+00:00","mainEntityOfPage":{"@id":"https:\/\/www.enabel.be\/fr\/comment-financer-notre-futur\/"},"wordCount":4,"publisher":{"@id":"https:\/\/www.enabel.be\/fr\/#organization"},"image":{"@id":"https:\/\/www.enabel.be\/fr\/comment-financer-notre-futur\/#primaryimage"},"thumbnailUrl":"https:\/\/www.enabel.be\/app\/uploads\/2024\/05\/AdobeStock_225827783_RET_RGB_2560px.jpg","articleSection":["Actualit\u00e9s"],"inLanguage":"fr-FR"},{"@type":"WebPage","@id":"https:\/\/www.enabel.be\/fr\/comment-financer-notre-futur\/","url":"https:\/\/www.enabel.be\/fr\/comment-financer-notre-futur\/","name":"Comment financer notre futur\u202f? - Enabel - Agence belge de coop\u00e9ration internationale","isPartOf":{"@id":"https:\/\/www.enabel.be\/fr\/#website"},"primaryImageOfPage":{"@id":"https:\/\/www.enabel.be\/fr\/comment-financer-notre-futur\/#primaryimage"},"image":{"@id":"https:\/\/www.enabel.be\/fr\/comment-financer-notre-futur\/#primaryimage"},"thumbnailUrl":"https:\/\/www.enabel.be\/app\/uploads\/2024\/05\/AdobeStock_225827783_RET_RGB_2560px.jpg","datePublished":"2024-06-07T08:00:00+00:00","description":"A l\u2019heure o\u00f9 les crises climatiques se succ\u00e8dent, la n\u00e9cessit\u00e9 de limiter le r\u00e9chauffement climatique \u00e0 +1,5 degr\u00e9s n\u2019a jamais \u00e9t\u00e9 aussi pr\u00e9gnante.","breadcrumb":{"@id":"https:\/\/www.enabel.be\/fr\/comment-financer-notre-futur\/#breadcrumb"},"inLanguage":"fr-FR","potentialAction":[{"@type":"ReadAction","target":["https:\/\/www.enabel.be\/fr\/comment-financer-notre-futur\/"]}]},{"@type":"ImageObject","inLanguage":"fr-FR","@id":"https:\/\/www.enabel.be\/fr\/comment-financer-notre-futur\/#primaryimage","url":"https:\/\/www.enabel.be\/app\/uploads\/2024\/05\/AdobeStock_225827783_RET_RGB_2560px.jpg","contentUrl":"https:\/\/www.enabel.be\/app\/uploads\/2024\/05\/AdobeStock_225827783_RET_RGB_2560px.jpg","width":2560,"height":1513,"caption":"forest landscape"},{"@type":"BreadcrumbList","@id":"https:\/\/www.enabel.be\/fr\/comment-financer-notre-futur\/#breadcrumb","itemListElement":[{"@type":"ListItem","position":1,"name":"Home","item":"https:\/\/www.enabel.be\/fr\/"},{"@type":"ListItem","position":2,"name":"Comment financer notre futur\u202f?"}]},{"@type":"WebSite","@id":"https:\/\/www.enabel.be\/fr\/#website","url":"https:\/\/www.enabel.be\/fr\/","name":"Enabel - Agence belge de coop\u00e9ration internationale","description":"Enabling Change","publisher":{"@id":"https:\/\/www.enabel.be\/fr\/#organization"},"potentialAction":[{"@type":"SearchAction","target":{"@type":"EntryPoint","urlTemplate":"https:\/\/www.enabel.be\/fr\/?s={search_term_string}"},"query-input":{"@type":"PropertyValueSpecification","valueRequired":true,"valueName":"search_term_string"}}],"inLanguage":"fr-FR"},{"@type":"Organization","@id":"https:\/\/www.enabel.be\/fr\/#organization","name":"Enabel - Agence belge de coop\u00e9ration internationale","url":"https:\/\/www.enabel.be\/fr\/","logo":{"@type":"ImageObject","inLanguage":"fr-FR","@id":"https:\/\/www.enabel.be\/fr\/#\/schema\/logo\/image\/","url":"https:\/\/www.enabel.be\/app\/uploads\/2022\/06\/enabel-logo-color.svg","contentUrl":"https:\/\/www.enabel.be\/app\/uploads\/2022\/06\/enabel-logo-color.svg","width":103,"height":35,"caption":"Enabel - Agence belge de coop\u00e9ration internationale"},"image":{"@id":"https:\/\/www.enabel.be\/fr\/#\/schema\/logo\/image\/"},"sameAs":["https:\/\/www.facebook.com\/EnabelBelgium\/","https:\/\/x.com\/Enabel_Belgium","https:\/\/www.instagram.com\/enabel_be\/","https:\/\/www.linkedin.com\/company\/enabel\/","https:\/\/www.youtube.com\/channel\/UCHGr3iOQ9n2jORzgtkv5FyQ"]},{"@type":"Person","@id":"https:\/\/www.enabel.be\/fr\/#\/schema\/person\/597df7163be49a3ab375ecde2ec071e8","name":"Blanche"}]}},"acf":[],"_links":{"self":[{"href":"https:\/\/www.enabel.be\/fr\/wp-json\/wp\/v2\/posts\/39469","targetHints":{"allow":["GET"]}}],"collection":[{"href":"https:\/\/www.enabel.be\/fr\/wp-json\/wp\/v2\/posts"}],"about":[{"href":"https:\/\/www.enabel.be\/fr\/wp-json\/wp\/v2\/types\/post"}],"author":[{"embeddable":true,"href":"https:\/\/www.enabel.be\/fr\/wp-json\/wp\/v2\/users\/3"}],"replies":[{"embeddable":true,"href":"https:\/\/www.enabel.be\/fr\/wp-json\/wp\/v2\/comments?post=39469"}],"version-history":[{"count":10,"href":"https:\/\/www.enabel.be\/fr\/wp-json\/wp\/v2\/posts\/39469\/revisions"}],"predecessor-version":[{"id":39955,"href":"https:\/\/www.enabel.be\/fr\/wp-json\/wp\/v2\/posts\/39469\/revisions\/39955"}],"wp:featuredmedia":[{"embeddable":true,"href":"https:\/\/www.enabel.be\/fr\/wp-json\/wp\/v2\/media\/39342"}],"wp:attachment":[{"href":"https:\/\/www.enabel.be\/fr\/wp-json\/wp\/v2\/media?parent=39469"}],"wp:term":[{"taxonomy":"category","embeddable":true,"href":"https:\/\/www.enabel.be\/fr\/wp-json\/wp\/v2\/categories?post=39469"},{"taxonomy":"post_tag","embeddable":true,"href":"https:\/\/www.enabel.be\/fr\/wp-json\/wp\/v2\/tags?post=39469"},{"taxonomy":"classifications","embeddable":true,"href":"https:\/\/www.enabel.be\/fr\/wp-json\/wp\/v2\/classifications?post=39469"}],"curies":[{"name":"wp","href":"https:\/\/api.w.org\/{rel}","templated":true}]}}