{"id":63525,"date":"2025-12-02T07:55:44","date_gmt":"2025-12-02T07:55:44","guid":{"rendered":"https:\/\/www.enabel.be\/?p=63525"},"modified":"2025-12-02T07:55:27","modified_gmt":"2025-12-02T07:55:27","slug":"enabel-et-la-hogeschool-vives-unissent-leurs-forces-pour-renforcer-leducation-et-les-soins-de-sante-en-ukraine-et-en-afrique-de-lest","status":"publish","type":"post","link":"https:\/\/www.enabel.be\/fr\/enabel-et-la-hogeschool-vives-unissent-leurs-forces-pour-renforcer-leducation-et-les-soins-de-sante-en-ukraine-et-en-afrique-de-lest\/","title":{"rendered":"Enabel et la Hogeschool VIVES unissent leurs forces pour renforcer l\u2019\u00e9ducation et les soins de sant\u00e9 en Ukraine et en Afrique de l\u2019Est"},"content":{"rendered":"<header class=\"header--news pt-10 lg:pt-40 pb-16 relative \">\n    <div class=\"z-10 container grid grid-cols-12\">\n        <div class=\"group group-h5:bg-primary-500 col-span-12 md:col-span-10 col-padding col-start-1 md:col-start-2 text-center\">\n                            <p>Actualit\u00e9s<\/p>\n                                        <p>02 d\u00e9cembre 2025<\/p>\n                                        <h1>Enabel et la Hogeschool VIVES unissent leurs forces pour renforcer l\u2019\u00e9ducation et les soins de sant\u00e9 en Ukraine et en Afrique de l\u2019Est<\/h1>\n                                        <p class=\"h4 mb-10\">Communiqu\u00e9 de presse<\/p>\n            \n            <img decoding=\"async\" width=\"3910\" height=\"2606\" src=\"https:\/\/www.enabel.be\/app\/uploads\/2025\/12\/vives_ukraine-1.jpg\" class=\"mt-20 w-full h-auto max-h-[600px] object-cover object-center rounded-lg wp-post-image\" alt=\"young people with trainer around a table\" srcset=\"https:\/\/www.enabel.be\/app\/uploads\/2025\/12\/vives_ukraine-1.jpg 3910w, https:\/\/www.enabel.be\/app\/uploads\/2025\/12\/vives_ukraine-1-300x200.jpg 300w, https:\/\/www.enabel.be\/app\/uploads\/2025\/12\/vives_ukraine-1-1024x682.jpg 1024w, https:\/\/www.enabel.be\/app\/uploads\/2025\/12\/vives_ukraine-1-768x512.jpg 768w, https:\/\/www.enabel.be\/app\/uploads\/2025\/12\/vives_ukraine-1-1536x1024.jpg 1536w, https:\/\/www.enabel.be\/app\/uploads\/2025\/12\/vives_ukraine-1-2048x1365.jpg 2048w\" sizes=\"(max-width: 3910px) 100vw, 3910px\" \/>\n        <\/div>\n    <\/div>\n<\/header>\n\n<section class=\"section--article-content\">\n    <div class=\"container grid grid-cols-12\">\n        <div class=\"col-span-12 col-start-1 md:col-span-8 md:col-start-3\">\n            <h3 style=\"text-align: center;\"><span class=\"text-primary-500\">Ce vendredi\u202f28\u202fnovembre 2025, Enabel et la Hogeschool VIVES ont conclu un partenariat visant \u00e0 renforcer l\u2019\u00e9ducation et les soins de sant\u00e9 en Ukraine et en Afrique de l\u2019Est.<\/span><\/h3>\n<p>&nbsp;<\/p>\n<p>S\u2019appuyant sur l\u2019accord-cadre de coop\u00e9ration sign\u00e9 au d\u00e9but de cette ann\u00e9e, ce partenariat ouvre un nouveau chapitre dans la contribution de la Belgique \u00e0 la solidarit\u00e9 internationale et \u00e0 la reconstruction.<\/p>\n<p><em>\u00ab\u2009Cet accord nous permet de tirer parti de l\u2019expertise belge de pointe pour r\u00e9pondre aux besoins pressants en mati\u00e8re d\u2019\u00e9ducation et de soins de sant\u00e9. Cette collaboration associe l\u2019expertise d\u2019Enabel en mati\u00e8re de coop\u00e9ration internationale \u00e0 l\u2019innovation universitaire de VIVES afin de mettre en \u0153uvre des programmes \u00e0 grand impact dans des contextes difficiles\u2009\u00bb<\/em>, nous confie Jean Van Wetter, Directeur g\u00e9n\u00e9ral d\u2019Enabel.<\/p>\n<blockquote><p><span class=\"text-primary-500\"><em>\u00ab\u2009Nous nous r\u00e9jouissons tout particuli\u00e8rement de la reconnaissance par Enabel de l\u2019expertise ax\u00e9e sur la pratique de VIVES en mati\u00e8re d\u2019\u00e9ducation et de recherche, et nous souhaitons l\u2019exploiter. Cette collaboration s\u2019inscrit parfaitement dans notre politique d\u2019engagement global et de partenariats strat\u00e9giques internationaux\u2009\u00bb<\/em>, poursuit Mathias Malfrere, directeur onderzoek en valorisatie chez VIVES.<\/span><\/p><\/blockquote>\n<h4><\/h4>\n<p>&nbsp;<\/p>\n<h4><strong><span class=\"text-primary-500\">Ukraine<\/span><\/strong><\/h4>\n<p>Le partenariat se concentrera sur l\u2019\u00e9laboration de programmes de formation dans des domaines cl\u00e9s tels que la logop\u00e9die, les soins infirmiers, l\u2019\u00e9ducation et d\u2019autres disciplines. En guise d\u2019exemple tr\u00e8s concret, un master de deux ans en logop\u00e9die a d\u00e9j\u00e0 \u00e9t\u00e9 lanc\u00e9 en Ukraine, soit une formation qui n\u2019existait pas jusqu\u2019\u00e0 r\u00e9cemment. Les activit\u00e9s comprennent l\u2019organisation de s\u00e9ances de formation en ligne et d\u2019initiatives de formation de formateur\u00b7rices (ToT) en vue de consolider les capacit\u00e9s locales. En outre, la coop\u00e9ration favorisera l\u2019alignement sur les normes europ\u00e9ennes en mati\u00e8re d\u2019\u00e9ducation afin de garantir la qualit\u00e9 et la durabilit\u00e9.<\/p>\n<p>Dans le secteur de l\u2019\u00e9ducation, l\u2019accord vise \u00e0 d\u00e9velopper un programme de formation hybride \u2013 une combinaison d\u2019apprentissage en ligne et en pr\u00e9sentiel \u2013 afin d\u2019am\u00e9liorer les comp\u00e9tences des enseignant\u00b7es du professionnel et de mettre en place des centres d\u2019excellence professionnelle.<\/p>\n<h4><\/h4>\n<p>&nbsp;<\/p>\n<h4><strong><span class=\"text-primary-500\">Rwanda, Ouganda et Tanzanie<\/span><\/strong><\/h4>\n<p>Au Rwanda, en Ouganda et en Tanzanie, le partenariat entre Enabel et VIVES explorera l\u2019int\u00e9gration de l\u2019intelligence artificielle g\u00e9n\u00e9rative (GenAI) dans l\u2019enseignement secondaire inf\u00e9rieur. Cette initiative ambitionne d\u2019apporter un appui technique et p\u00e9dagogique dans le cadre de l\u2019utilisation de la GenAI en tant qu\u2019outil pour les enseignant\u00b7es. Cela permet d\u2019enrichir l\u2019exp\u00e9rience d\u2019apprentissage sans devoir remplacer les enseignant\u00b7es. Le r\u00e9sultat escompt\u00e9 est que les partenaires d\u2019ex\u00e9cution se familiarisent avec l\u2019IA dans l\u2019enseignement et que les expert\u00b7es de VIVES acqui\u00e8rent une compr\u00e9hension approfondie du contexte local et des d\u00e9fis li\u00e9s au num\u00e9rique. En ao\u00fbt 2025, des enseignant\u00b7es de VIVES se sont d\u00e9j\u00e0 rendu\u00b7es en Ouganda et en Tanzanie pour d\u00e9marrer l\u2019int\u00e9gration de l\u2019IA dans l\u2019enseignement.<\/p>\n\n        <\/div>\n    <\/div>\n<\/section>\n\n\n<section class=\"section--article-button\">\n    <div class=\"container flex justify-center\">\n                    <a href=\"https:\/\/www.enabel.be\/fr\/country\/ukraine\/\" class=\"btn-primary card--animation\" >\n\t\t<span>En savoir plus sur notre action en Ukraine<\/span>\n\t<\/a>\n            <\/div>\n<\/section>","protected":false},"excerpt":{"rendered":"","protected":false},"author":3,"featured_media":63517,"comment_status":"closed","ping_status":"closed","sticky":false,"template":"","format":"standard","meta":{"_acf_changed":false,"inline_featured_image":false,"footnotes":""},"categories":[15],"tags":[],"classifications":[],"class_list":["post-63525","post","type-post","status-publish","format-standard","has-post-thumbnail","hentry","category-actualites"],"yoast_head":"<!-- This site is optimized with the Yoast SEO plugin v25.9 - https:\/\/yoast.com\/wordpress\/plugins\/seo\/ -->\n<title>Enabel et la Hogeschool VIVES unissent leurs forces pour renforcer l\u2019\u00e9ducation et les soins de sant\u00e9 en Ukraine et en Afrique de l\u2019Est - Enabel - Agence belge de coop\u00e9ration internationale<\/title>\n<meta name=\"description\" content=\"L\u2019int\u00e9gration de l\u2019IA et des formations hybrides permet de d\u00e9velopper l\u2019\u00e9ducation et les soins de sant\u00e9 en Ukraine et en Afrique de l\u2019Est.\" \/>\n<meta name=\"robots\" content=\"index, follow, max-snippet:-1, max-image-preview:large, max-video-preview:-1\" \/>\n<link rel=\"canonical\" href=\"https:\/\/www.enabel.be\/fr\/enabel-et-la-hogeschool-vives-unissent-leurs-forces-pour-renforcer-leducation-et-les-soins-de-sante-en-ukraine-et-en-afrique-de-lest\/\" \/>\n<meta property=\"og:locale\" content=\"fr_FR\" \/>\n<meta property=\"og:type\" content=\"article\" \/>\n<meta property=\"og:title\" content=\"Enabel et la Hogeschool VIVES unissent leurs forces pour renforcer l\u2019\u00e9ducation et les soins de sant\u00e9 en Ukraine et en Afrique de l\u2019Est - Enabel - Agence belge de coop\u00e9ration internationale\" \/>\n<meta property=\"og:description\" content=\"L\u2019int\u00e9gration de l\u2019IA et des formations hybrides permet de d\u00e9velopper l\u2019\u00e9ducation et les soins de sant\u00e9 en Ukraine et en Afrique de l\u2019Est.\" \/>\n<meta property=\"og:url\" content=\"https:\/\/www.enabel.be\/fr\/enabel-et-la-hogeschool-vives-unissent-leurs-forces-pour-renforcer-leducation-et-les-soins-de-sante-en-ukraine-et-en-afrique-de-lest\/\" \/>\n<meta property=\"og:site_name\" content=\"Enabel - Agence belge de coop\u00e9ration internationale\" \/>\n<meta property=\"article:publisher\" content=\"https:\/\/www.facebook.com\/EnabelBelgium\/\" \/>\n<meta property=\"article:published_time\" content=\"2025-12-02T07:55:44+00:00\" \/>\n<meta property=\"og:image\" content=\"https:\/\/www.enabel.be\/app\/uploads\/2025\/12\/vives_ukraine-1-1024x682.jpg\" \/>\n\t<meta property=\"og:image:width\" content=\"1024\" \/>\n\t<meta property=\"og:image:height\" content=\"682\" \/>\n\t<meta property=\"og:image:type\" content=\"image\/jpeg\" \/>\n<meta name=\"author\" content=\"Blanche\" \/>\n<meta name=\"twitter:card\" content=\"summary_large_image\" \/>\n<meta name=\"twitter:creator\" content=\"@Enabel_Belgium\" \/>\n<meta name=\"twitter:site\" content=\"@Enabel_Belgium\" \/>\n<meta name=\"twitter:label1\" content=\"Written by\" \/>\n\t<meta name=\"twitter:data1\" content=\"Blanche\" \/>\n\t<meta name=\"twitter:label2\" content=\"Est. reading time\" \/>\n\t<meta name=\"twitter:data2\" content=\"3 minutes\" \/>\n<script type=\"application\/ld+json\" class=\"yoast-schema-graph\">{\"@context\":\"https:\/\/schema.org\",\"@graph\":[{\"@type\":\"Article\",\"@id\":\"https:\/\/www.enabel.be\/fr\/enabel-et-la-hogeschool-vives-unissent-leurs-forces-pour-renforcer-leducation-et-les-soins-de-sante-en-ukraine-et-en-afrique-de-lest\/#article\",\"isPartOf\":{\"@id\":\"https:\/\/www.enabel.be\/fr\/enabel-et-la-hogeschool-vives-unissent-leurs-forces-pour-renforcer-leducation-et-les-soins-de-sante-en-ukraine-et-en-afrique-de-lest\/\"},\"author\":{\"name\":\"Blanche\",\"@id\":\"https:\/\/www.enabel.be\/fr\/#\/schema\/person\/597df7163be49a3ab375ecde2ec071e8\"},\"headline\":\"Enabel et la Hogeschool VIVES unissent leurs forces pour renforcer l\u2019\u00e9ducation et les soins de sant\u00e9 en Ukraine et en Afrique de l\u2019Est\",\"datePublished\":\"2025-12-02T07:55:44+00:00\",\"mainEntityOfPage\":{\"@id\":\"https:\/\/www.enabel.be\/fr\/enabel-et-la-hogeschool-vives-unissent-leurs-forces-pour-renforcer-leducation-et-les-soins-de-sante-en-ukraine-et-en-afrique-de-lest\/\"},\"wordCount\":25,\"publisher\":{\"@id\":\"https:\/\/www.enabel.be\/fr\/#organization\"},\"image\":{\"@id\":\"https:\/\/www.enabel.be\/fr\/enabel-et-la-hogeschool-vives-unissent-leurs-forces-pour-renforcer-leducation-et-les-soins-de-sante-en-ukraine-et-en-afrique-de-lest\/#primaryimage\"},\"thumbnailUrl\":\"https:\/\/www.enabel.be\/app\/uploads\/2025\/12\/vives_ukraine-1.jpg\",\"articleSection\":[\"Actualit\u00e9s\"],\"inLanguage\":\"fr-FR\"},{\"@type\":\"WebPage\",\"@id\":\"https:\/\/www.enabel.be\/fr\/enabel-et-la-hogeschool-vives-unissent-leurs-forces-pour-renforcer-leducation-et-les-soins-de-sante-en-ukraine-et-en-afrique-de-lest\/\",\"url\":\"https:\/\/www.enabel.be\/fr\/enabel-et-la-hogeschool-vives-unissent-leurs-forces-pour-renforcer-leducation-et-les-soins-de-sante-en-ukraine-et-en-afrique-de-lest\/\",\"name\":\"Enabel et la Hogeschool VIVES unissent leurs forces pour renforcer l\u2019\u00e9ducation et les soins de sant\u00e9 en Ukraine et en Afrique de l\u2019Est - Enabel - Agence belge de coop\u00e9ration internationale\",\"isPartOf\":{\"@id\":\"https:\/\/www.enabel.be\/fr\/#website\"},\"primaryImageOfPage\":{\"@id\":\"https:\/\/www.enabel.be\/fr\/enabel-et-la-hogeschool-vives-unissent-leurs-forces-pour-renforcer-leducation-et-les-soins-de-sante-en-ukraine-et-en-afrique-de-lest\/#primaryimage\"},\"image\":{\"@id\":\"https:\/\/www.enabel.be\/fr\/enabel-et-la-hogeschool-vives-unissent-leurs-forces-pour-renforcer-leducation-et-les-soins-de-sante-en-ukraine-et-en-afrique-de-lest\/#primaryimage\"},\"thumbnailUrl\":\"https:\/\/www.enabel.be\/app\/uploads\/2025\/12\/vives_ukraine-1.jpg\",\"datePublished\":\"2025-12-02T07:55:44+00:00\",\"description\":\"L\u2019int\u00e9gration de l\u2019IA et des formations hybrides permet de d\u00e9velopper l\u2019\u00e9ducation et les soins de sant\u00e9 en Ukraine et en Afrique de l\u2019Est.\",\"breadcrumb\":{\"@id\":\"https:\/\/www.enabel.be\/fr\/enabel-et-la-hogeschool-vives-unissent-leurs-forces-pour-renforcer-leducation-et-les-soins-de-sante-en-ukraine-et-en-afrique-de-lest\/#breadcrumb\"},\"inLanguage\":\"fr-FR\",\"potentialAction\":[{\"@type\":\"ReadAction\",\"target\":[\"https:\/\/www.enabel.be\/fr\/enabel-et-la-hogeschool-vives-unissent-leurs-forces-pour-renforcer-leducation-et-les-soins-de-sante-en-ukraine-et-en-afrique-de-lest\/\"]}]},{\"@type\":\"ImageObject\",\"inLanguage\":\"fr-FR\",\"@id\":\"https:\/\/www.enabel.be\/fr\/enabel-et-la-hogeschool-vives-unissent-leurs-forces-pour-renforcer-leducation-et-les-soins-de-sante-en-ukraine-et-en-afrique-de-lest\/#primaryimage\",\"url\":\"https:\/\/www.enabel.be\/app\/uploads\/2025\/12\/vives_ukraine-1.jpg\",\"contentUrl\":\"https:\/\/www.enabel.be\/app\/uploads\/2025\/12\/vives_ukraine-1.jpg\",\"width\":3910,\"height\":2606,\"caption\":\"young people with trainer around a table\"},{\"@type\":\"BreadcrumbList\",\"@id\":\"https:\/\/www.enabel.be\/fr\/enabel-et-la-hogeschool-vives-unissent-leurs-forces-pour-renforcer-leducation-et-les-soins-de-sante-en-ukraine-et-en-afrique-de-lest\/#breadcrumb\",\"itemListElement\":[{\"@type\":\"ListItem\",\"position\":1,\"name\":\"Home\",\"item\":\"https:\/\/www.enabel.be\/fr\/\"},{\"@type\":\"ListItem\",\"position\":2,\"name\":\"Enabel et la Hogeschool VIVES unissent leurs forces pour renforcer l\u2019\u00e9ducation et les soins de sant\u00e9 en Ukraine et en Afrique de l\u2019Est\"}]},{\"@type\":\"WebSite\",\"@id\":\"https:\/\/www.enabel.be\/fr\/#website\",\"url\":\"https:\/\/www.enabel.be\/fr\/\",\"name\":\"Enabel - Agence belge de coop\u00e9ration internationale\",\"description\":\"Enabling Change\",\"publisher\":{\"@id\":\"https:\/\/www.enabel.be\/fr\/#organization\"},\"potentialAction\":[{\"@type\":\"SearchAction\",\"target\":{\"@type\":\"EntryPoint\",\"urlTemplate\":\"https:\/\/www.enabel.be\/fr\/?s={search_term_string}\"},\"query-input\":{\"@type\":\"PropertyValueSpecification\",\"valueRequired\":true,\"valueName\":\"search_term_string\"}}],\"inLanguage\":\"fr-FR\"},{\"@type\":\"Organization\",\"@id\":\"https:\/\/www.enabel.be\/fr\/#organization\",\"name\":\"Enabel - Agence belge de coop\u00e9ration internationale\",\"url\":\"https:\/\/www.enabel.be\/fr\/\",\"logo\":{\"@type\":\"ImageObject\",\"inLanguage\":\"fr-FR\",\"@id\":\"https:\/\/www.enabel.be\/fr\/#\/schema\/logo\/image\/\",\"url\":\"https:\/\/www.enabel.be\/app\/uploads\/2022\/06\/enabel-logo-color.svg\",\"contentUrl\":\"https:\/\/www.enabel.be\/app\/uploads\/2022\/06\/enabel-logo-color.svg\",\"width\":103,\"height\":35,\"caption\":\"Enabel - Agence belge de coop\u00e9ration internationale\"},\"image\":{\"@id\":\"https:\/\/www.enabel.be\/fr\/#\/schema\/logo\/image\/\"},\"sameAs\":[\"https:\/\/www.facebook.com\/EnabelBelgium\/\",\"https:\/\/x.com\/Enabel_Belgium\",\"https:\/\/www.instagram.com\/enabel_be\/\",\"https:\/\/www.linkedin.com\/company\/enabel\/\",\"https:\/\/www.youtube.com\/channel\/UCHGr3iOQ9n2jORzgtkv5FyQ\"]},{\"@type\":\"Person\",\"@id\":\"https:\/\/www.enabel.be\/fr\/#\/schema\/person\/597df7163be49a3ab375ecde2ec071e8\",\"name\":\"Blanche\"}]}<\/script>\n<!-- \/ Yoast SEO plugin. -->","yoast_head_json":{"title":"Enabel et la Hogeschool VIVES unissent leurs forces pour renforcer l\u2019\u00e9ducation et les soins de sant\u00e9 en Ukraine et en Afrique de l\u2019Est - Enabel - Agence belge de coop\u00e9ration internationale","description":"L\u2019int\u00e9gration de l\u2019IA et des formations hybrides permet de d\u00e9velopper l\u2019\u00e9ducation et les soins de sant\u00e9 en Ukraine et en Afrique de l\u2019Est.","robots":{"index":"index","follow":"follow","max-snippet":"max-snippet:-1","max-image-preview":"max-image-preview:large","max-video-preview":"max-video-preview:-1"},"canonical":"https:\/\/www.enabel.be\/fr\/enabel-et-la-hogeschool-vives-unissent-leurs-forces-pour-renforcer-leducation-et-les-soins-de-sante-en-ukraine-et-en-afrique-de-lest\/","og_locale":"fr_FR","og_type":"article","og_title":"Enabel et la Hogeschool VIVES unissent leurs forces pour renforcer l\u2019\u00e9ducation et les soins de sant\u00e9 en Ukraine et en Afrique de l\u2019Est - Enabel - Agence belge de coop\u00e9ration internationale","og_description":"L\u2019int\u00e9gration de l\u2019IA et des formations hybrides permet de d\u00e9velopper l\u2019\u00e9ducation et les soins de sant\u00e9 en Ukraine et en Afrique de l\u2019Est.","og_url":"https:\/\/www.enabel.be\/fr\/enabel-et-la-hogeschool-vives-unissent-leurs-forces-pour-renforcer-leducation-et-les-soins-de-sante-en-ukraine-et-en-afrique-de-lest\/","og_site_name":"Enabel - Agence belge de coop\u00e9ration internationale","article_publisher":"https:\/\/www.facebook.com\/EnabelBelgium\/","article_published_time":"2025-12-02T07:55:44+00:00","og_image":[{"width":1024,"height":682,"url":"https:\/\/www.enabel.be\/app\/uploads\/2025\/12\/vives_ukraine-1-1024x682.jpg","type":"image\/jpeg"}],"author":"Blanche","twitter_card":"summary_large_image","twitter_creator":"@Enabel_Belgium","twitter_site":"@Enabel_Belgium","twitter_misc":{"Written by":"Blanche","Est. reading time":"3 minutes"},"schema":{"@context":"https:\/\/schema.org","@graph":[{"@type":"Article","@id":"https:\/\/www.enabel.be\/fr\/enabel-et-la-hogeschool-vives-unissent-leurs-forces-pour-renforcer-leducation-et-les-soins-de-sante-en-ukraine-et-en-afrique-de-lest\/#article","isPartOf":{"@id":"https:\/\/www.enabel.be\/fr\/enabel-et-la-hogeschool-vives-unissent-leurs-forces-pour-renforcer-leducation-et-les-soins-de-sante-en-ukraine-et-en-afrique-de-lest\/"},"author":{"name":"Blanche","@id":"https:\/\/www.enabel.be\/fr\/#\/schema\/person\/597df7163be49a3ab375ecde2ec071e8"},"headline":"Enabel et la Hogeschool VIVES unissent leurs forces pour renforcer l\u2019\u00e9ducation et les soins de sant\u00e9 en Ukraine et en Afrique de l\u2019Est","datePublished":"2025-12-02T07:55:44+00:00","mainEntityOfPage":{"@id":"https:\/\/www.enabel.be\/fr\/enabel-et-la-hogeschool-vives-unissent-leurs-forces-pour-renforcer-leducation-et-les-soins-de-sante-en-ukraine-et-en-afrique-de-lest\/"},"wordCount":25,"publisher":{"@id":"https:\/\/www.enabel.be\/fr\/#organization"},"image":{"@id":"https:\/\/www.enabel.be\/fr\/enabel-et-la-hogeschool-vives-unissent-leurs-forces-pour-renforcer-leducation-et-les-soins-de-sante-en-ukraine-et-en-afrique-de-lest\/#primaryimage"},"thumbnailUrl":"https:\/\/www.enabel.be\/app\/uploads\/2025\/12\/vives_ukraine-1.jpg","articleSection":["Actualit\u00e9s"],"inLanguage":"fr-FR"},{"@type":"WebPage","@id":"https:\/\/www.enabel.be\/fr\/enabel-et-la-hogeschool-vives-unissent-leurs-forces-pour-renforcer-leducation-et-les-soins-de-sante-en-ukraine-et-en-afrique-de-lest\/","url":"https:\/\/www.enabel.be\/fr\/enabel-et-la-hogeschool-vives-unissent-leurs-forces-pour-renforcer-leducation-et-les-soins-de-sante-en-ukraine-et-en-afrique-de-lest\/","name":"Enabel et la Hogeschool VIVES unissent leurs forces pour renforcer l\u2019\u00e9ducation et les soins de sant\u00e9 en Ukraine et en Afrique de l\u2019Est - Enabel - Agence belge de coop\u00e9ration internationale","isPartOf":{"@id":"https:\/\/www.enabel.be\/fr\/#website"},"primaryImageOfPage":{"@id":"https:\/\/www.enabel.be\/fr\/enabel-et-la-hogeschool-vives-unissent-leurs-forces-pour-renforcer-leducation-et-les-soins-de-sante-en-ukraine-et-en-afrique-de-lest\/#primaryimage"},"image":{"@id":"https:\/\/www.enabel.be\/fr\/enabel-et-la-hogeschool-vives-unissent-leurs-forces-pour-renforcer-leducation-et-les-soins-de-sante-en-ukraine-et-en-afrique-de-lest\/#primaryimage"},"thumbnailUrl":"https:\/\/www.enabel.be\/app\/uploads\/2025\/12\/vives_ukraine-1.jpg","datePublished":"2025-12-02T07:55:44+00:00","description":"L\u2019int\u00e9gration de l\u2019IA et des formations hybrides permet de d\u00e9velopper l\u2019\u00e9ducation et les soins de sant\u00e9 en Ukraine et en Afrique de l\u2019Est.","breadcrumb":{"@id":"https:\/\/www.enabel.be\/fr\/enabel-et-la-hogeschool-vives-unissent-leurs-forces-pour-renforcer-leducation-et-les-soins-de-sante-en-ukraine-et-en-afrique-de-lest\/#breadcrumb"},"inLanguage":"fr-FR","potentialAction":[{"@type":"ReadAction","target":["https:\/\/www.enabel.be\/fr\/enabel-et-la-hogeschool-vives-unissent-leurs-forces-pour-renforcer-leducation-et-les-soins-de-sante-en-ukraine-et-en-afrique-de-lest\/"]}]},{"@type":"ImageObject","inLanguage":"fr-FR","@id":"https:\/\/www.enabel.be\/fr\/enabel-et-la-hogeschool-vives-unissent-leurs-forces-pour-renforcer-leducation-et-les-soins-de-sante-en-ukraine-et-en-afrique-de-lest\/#primaryimage","url":"https:\/\/www.enabel.be\/app\/uploads\/2025\/12\/vives_ukraine-1.jpg","contentUrl":"https:\/\/www.enabel.be\/app\/uploads\/2025\/12\/vives_ukraine-1.jpg","width":3910,"height":2606,"caption":"young people with trainer around a table"},{"@type":"BreadcrumbList","@id":"https:\/\/www.enabel.be\/fr\/enabel-et-la-hogeschool-vives-unissent-leurs-forces-pour-renforcer-leducation-et-les-soins-de-sante-en-ukraine-et-en-afrique-de-lest\/#breadcrumb","itemListElement":[{"@type":"ListItem","position":1,"name":"Home","item":"https:\/\/www.enabel.be\/fr\/"},{"@type":"ListItem","position":2,"name":"Enabel et la Hogeschool VIVES unissent leurs forces pour renforcer l\u2019\u00e9ducation et les soins de sant\u00e9 en Ukraine et en Afrique de l\u2019Est"}]},{"@type":"WebSite","@id":"https:\/\/www.enabel.be\/fr\/#website","url":"https:\/\/www.enabel.be\/fr\/","name":"Enabel - Agence belge de coop\u00e9ration internationale","description":"Enabling Change","publisher":{"@id":"https:\/\/www.enabel.be\/fr\/#organization"},"potentialAction":[{"@type":"SearchAction","target":{"@type":"EntryPoint","urlTemplate":"https:\/\/www.enabel.be\/fr\/?s={search_term_string}"},"query-input":{"@type":"PropertyValueSpecification","valueRequired":true,"valueName":"search_term_string"}}],"inLanguage":"fr-FR"},{"@type":"Organization","@id":"https:\/\/www.enabel.be\/fr\/#organization","name":"Enabel - Agence belge de coop\u00e9ration internationale","url":"https:\/\/www.enabel.be\/fr\/","logo":{"@type":"ImageObject","inLanguage":"fr-FR","@id":"https:\/\/www.enabel.be\/fr\/#\/schema\/logo\/image\/","url":"https:\/\/www.enabel.be\/app\/uploads\/2022\/06\/enabel-logo-color.svg","contentUrl":"https:\/\/www.enabel.be\/app\/uploads\/2022\/06\/enabel-logo-color.svg","width":103,"height":35,"caption":"Enabel - Agence belge de coop\u00e9ration internationale"},"image":{"@id":"https:\/\/www.enabel.be\/fr\/#\/schema\/logo\/image\/"},"sameAs":["https:\/\/www.facebook.com\/EnabelBelgium\/","https:\/\/x.com\/Enabel_Belgium","https:\/\/www.instagram.com\/enabel_be\/","https:\/\/www.linkedin.com\/company\/enabel\/","https:\/\/www.youtube.com\/channel\/UCHGr3iOQ9n2jORzgtkv5FyQ"]},{"@type":"Person","@id":"https:\/\/www.enabel.be\/fr\/#\/schema\/person\/597df7163be49a3ab375ecde2ec071e8","name":"Blanche"}]}},"acf":[],"_links":{"self":[{"href":"https:\/\/www.enabel.be\/fr\/wp-json\/wp\/v2\/posts\/63525","targetHints":{"allow":["GET"]}}],"collection":[{"href":"https:\/\/www.enabel.be\/fr\/wp-json\/wp\/v2\/posts"}],"about":[{"href":"https:\/\/www.enabel.be\/fr\/wp-json\/wp\/v2\/types\/post"}],"author":[{"embeddable":true,"href":"https:\/\/www.enabel.be\/fr\/wp-json\/wp\/v2\/users\/3"}],"replies":[{"embeddable":true,"href":"https:\/\/www.enabel.be\/fr\/wp-json\/wp\/v2\/comments?post=63525"}],"version-history":[{"count":3,"href":"https:\/\/www.enabel.be\/fr\/wp-json\/wp\/v2\/posts\/63525\/revisions"}],"predecessor-version":[{"id":63532,"href":"https:\/\/www.enabel.be\/fr\/wp-json\/wp\/v2\/posts\/63525\/revisions\/63532"}],"wp:featuredmedia":[{"embeddable":true,"href":"https:\/\/www.enabel.be\/fr\/wp-json\/wp\/v2\/media\/63517"}],"wp:attachment":[{"href":"https:\/\/www.enabel.be\/fr\/wp-json\/wp\/v2\/media?parent=63525"}],"wp:term":[{"taxonomy":"category","embeddable":true,"href":"https:\/\/www.enabel.be\/fr\/wp-json\/wp\/v2\/categories?post=63525"},{"taxonomy":"post_tag","embeddable":true,"href":"https:\/\/www.enabel.be\/fr\/wp-json\/wp\/v2\/tags?post=63525"},{"taxonomy":"classifications","embeddable":true,"href":"https:\/\/www.enabel.be\/fr\/wp-json\/wp\/v2\/classifications?post=63525"}],"curies":[{"name":"wp","href":"https:\/\/api.w.org\/{rel}","templated":true}]}}