{"id":63987,"date":"2025-12-18T08:28:37","date_gmt":"2025-12-18T08:28:37","guid":{"rendered":"https:\/\/www.enabel.be\/?p=63987"},"modified":"2025-12-18T08:28:38","modified_gmt":"2025-12-18T08:28:38","slug":"enabel-et-la-region-wallonne-unissent-leurs-forces-pour-une-gestion-durable-de-leau-en-tunisie","status":"publish","type":"post","link":"https:\/\/www.enabel.be\/fr\/enabel-et-la-region-wallonne-unissent-leurs-forces-pour-une-gestion-durable-de-leau-en-tunisie\/","title":{"rendered":"Enabel et la R\u00e9gion wallonne unissent leurs forces pour une gestion durable de l\u2019eau en Tunisie"},"content":{"rendered":"<header class=\"header--news pt-10 lg:pt-40 pb-16 relative \">\n    <div class=\"z-10 container grid grid-cols-12\">\n        <div class=\"group group-h5:bg-primary-500 col-span-12 md:col-span-10 col-padding col-start-1 md:col-start-2 text-center\">\n                            <p>Actualit\u00e9s<\/p>\n                                        <p>18 d\u00e9cembre 2025<\/p>\n                                        <h1>Enabel et la R\u00e9gion wallonne unissent leurs forces pour une gestion durable de l\u2019eau en Tunisie<\/h1>\n                                        <p class=\"h4 mb-10\">Communiqu\u00e9 de presse<\/p>\n            \n            <img decoding=\"async\" width=\"2126\" height=\"1417\" src=\"https:\/\/www.enabel.be\/app\/uploads\/2025\/12\/IMG_0079_RET_MD.jpg\" class=\"mt-20 w-full h-auto max-h-[600px] object-cover object-center rounded-lg wp-post-image\" alt=\"\" srcset=\"https:\/\/www.enabel.be\/app\/uploads\/2025\/12\/IMG_0079_RET_MD.jpg 2126w, https:\/\/www.enabel.be\/app\/uploads\/2025\/12\/IMG_0079_RET_MD-300x200.jpg 300w, https:\/\/www.enabel.be\/app\/uploads\/2025\/12\/IMG_0079_RET_MD-1024x683.jpg 1024w, https:\/\/www.enabel.be\/app\/uploads\/2025\/12\/IMG_0079_RET_MD-768x512.jpg 768w, https:\/\/www.enabel.be\/app\/uploads\/2025\/12\/IMG_0079_RET_MD-1536x1024.jpg 1536w, https:\/\/www.enabel.be\/app\/uploads\/2025\/12\/IMG_0079_RET_MD-2048x1365.jpg 2048w\" sizes=\"(max-width: 2126px) 100vw, 2126px\" \/>\n        <\/div>\n    <\/div>\n<\/header>\n\n<section class=\"section--article-content\">\n    <div class=\"container grid grid-cols-12\">\n        <div class=\"col-span-12 col-start-1 md:col-span-8 md:col-start-3\">\n            <h3 style=\"text-align: center;\"><span class=\"text-primary-500\">L\u2019agence belge de coop\u00e9ration internationale Enabel et la R\u00e9gion wallonne, via l\u2019Agence wallonne de l\u2019Air et du Climat (AWAC), lancent une nouvelle phase de coop\u00e9ration internationale avec un projet centr\u00e9 sur la Gestion Equilibr\u00e9e des Eaux Souterraines en Tunisie (projet GEEST). Ce partenariat, qui mobilise l\u2019expertise de la Soci\u00e9t\u00e9 Wallonne des Eaux (SWDE), s\u2019inscrit dans la continuit\u00e9 d\u2019initiatives men\u00e9es ces derni\u00e8res ann\u00e9es au S\u00e9n\u00e9gal, au Burundi, au Maroc et dans la r\u00e9gion des Grands Lacs africains, illustrant la pertinence du mod\u00e8le \u00ab Team Belgium \u00bb pour r\u00e9pondre aux d\u00e9fis climatiques mondiaux.<\/span><\/h3>\n<p>&nbsp;<\/p>\n<h4><strong><span class=\"text-primary-500\">Un projet pilote pour la r\u00e9silience hydrique<\/span><\/strong><\/h4>\n<p>Le projet vise \u00e0 renforcer les capacit\u00e9s du Minist\u00e8re tunisien de l\u2019Agriculture, des Ressources Hydrauliques et de la P\u00eache (MARHP), en particulier la Direction G\u00e9n\u00e9rale des Ressources en Eau (DGRE) et les Commissariats R\u00e9gionaux au D\u00e9veloppement Agricole (CRDA), pour une gestion durable, anticipative et bas\u00e9e sur les donn\u00e9es des eaux souterraines, dans un contexte de surexploitation chronique (133 % en moyenne) et de pressions climatiques croissantes (s\u00e9cheresse, baisse de recharge, salinisation). Dot\u00e9 d\u2019un budget de 1,65 million d\u2019euros sur 18 mois, le projet, dans cette phase pilote, ambitionne de tester et d\u00e9montrer un mod\u00e8le int\u00e9gr\u00e9 de gestion des eaux souterraines, associant <strong>observation scientifique, gouvernance participative et innovation num\u00e9rique<\/strong>, en vue d\u2019une mise \u00e0 l\u2019\u00e9chelle progressive au niveau national.<\/p>\n<p>&nbsp;<\/p>\n<h4><strong><span class=\"text-primary-500\">Une collaboration structur\u00e9e et inclusive<\/span><\/strong><\/h4>\n<p>La collaboration entre la Wallonie et Enabel repose sur une volont\u00e9 commune de valoriser l\u2019expertise publique wallonne en hydrog\u00e9ologie, t\u00e9l\u00e9mesure et gouvernance de la donn\u00e9e, tout en renfor\u00e7ant les capacit\u00e9s institutionnelles tunisiennes. La SWDE a apport\u00e9 son savoir-faire technique, d\u00e9j\u00e0 \u00e9prouv\u00e9 en Wallonie, pour la conception de la mise en place d\u2019un r\u00e9seau pi\u00e9zom\u00e9trique automatis\u00e9 et le d\u00e9veloppement d\u2019une plateforme num\u00e9rique de suivi des nappes.<\/p>\n<p>Jean Van Wetter, CEO d&rsquo;Enabel: <em>\u00ab Ce projet illustre parfaitement le renforcement de notre partenariat avec la R\u00e9gion wallonne\u202f: en croisant l\u2019expertise d\u2019Enabel et de la SWDE, nous travaillons avec les autorit\u00e9s tunisiennes pour proposer des solutions coh\u00e9rentes et durables pour une gestion \u00e9quilibr\u00e9e des eaux souterraines, dans un contexte marqu\u00e9 par les impacts du changement climatique. \u00bb<\/em><\/p>\n\n        <\/div>\n    <\/div>\n<\/section>\n\n\n<div class=\"relative max-w-7xl mx-auto pt-20 pb-12 px-4 sm:px-6 lg:px-8 lg:py-20 overflow-hidden\">\n        <svg class=\"absolute top-full left-0 transform translate-x-80 -translate-y-24 lg:hidden\" width=\"784\" height=\"404\" fill=\"none\" viewBox=\"0 0 784 404\" aria-hidden=\"true\">\n            <defs>\n                <pattern id=\"e56e3f81-d9c1-4b83-a3ba-0d0ac8c32f32\" x=\"0\" y=\"0\" width=\"20\" height=\"20\" patternUnits=\"userSpaceOnUse\">\n                    <rect x=\"0\" y=\"0\" width=\"4\" height=\"4\" class=\"text-gray-200\" fill=\"currentColor\" \/>\n                <\/pattern>\n            <\/defs>\n            <rect width=\"784\" height=\"404\" fill=\"url(#e56e3f81-d9c1-4b83-a3ba-0d0ac8c32f32)\" \/>\n        <\/svg>\n\n        <svg class=\"hidden lg:block absolute right-full top-1\/2 transform translate-x-1\/2 -translate-y-1\/2\" width=\"404\" height=\"784\" fill=\"none\" viewBox=\"0 0 404 784\" aria-hidden=\"true\">\n            <defs>\n                <pattern id=\"56409614-3d62-4985-9a10-7ca758a8f4f0\" x=\"0\" y=\"0\" width=\"20\" height=\"20\" patternUnits=\"userSpaceOnUse\">\n                    <rect x=\"0\" y=\"0\" width=\"4\" height=\"4\" class=\"text-gray-200\" fill=\"currentColor\" \/>\n                <\/pattern>\n            <\/defs>\n            <rect width=\"404\" height=\"784\" fill=\"url(#56409614-3d62-4985-9a10-7ca758a8f4f0)\" \/>\n        <\/svg>\n\n        <div class=\"relative lg:flex lg:items-center\">\n                            <div class=\"hidden lg:block lg:flex-shrink-0\">\n                    <img decoding=\"async\" class=\"h-64 w-64 rounded-full xl:h-80 xl:w-80\" src=\"https:\/\/www.enabel.be\/app\/uploads\/2025\/12\/1516775562455.jpeg\" alt=\"Isabelle Jeurissen\">\n                <\/div>\n            \n            <div class=\"relative lg:ml-10\">\n                <svg class=\"absolute top-0 left-0 transform -translate-x-8 -translate-y-24 h-36 w-36 text-indigo-200 opacity-50\" stroke=\"currentColor\" fill=\"none\" viewBox=\"0 0 144 144\" aria-hidden=\"true\">\n                    <path stroke-width=\"2\" d=\"M41.485 15C17.753 31.753 1 59.208 1 89.455c0 24.664 14.891 39.09 32.109 39.09 16.287 0 28.386-13.03 28.386-28.387 0-15.356-10.703-26.524-24.663-26.524-2.792 0-6.515.465-7.446.93 2.327-15.821 17.218-34.435 32.11-43.742L41.485 15zm80.04 0c-23.268 16.753-40.02 44.208-40.02 74.455 0 24.664 14.891 39.09 32.109 39.09 15.822 0 28.386-13.03 28.386-28.387 0-15.356-11.168-26.524-25.129-26.524-2.792 0-6.049.465-6.98.93 2.327-15.821 16.753-34.435 31.644-43.742L121.525 15z\" \/>\n                <\/svg>\n                <blockquote class=\"relative\">\n                                        <div class=\"text-2xl leading-9 font-medium text-gray-900\">\n                        <p>\u00c0 la SWDE, nous consid\u00e9rons que l\u2019expertise publique prend toute sa valeur lorsqu\u2019elle s\u2019inscrit dans un partenariat durable et un r\u00e9el partage de comp\u00e9tences. Le projet GEEST illustre la capacit\u00e9 belge \u00e0 conjuguer savoir-faire public et coop\u00e9ration internationale pour concevoir des solutions pertinentes, adapt\u00e9es aux r\u00e9alit\u00e9s locales \u2014 et dont les enseignements peuvent \u00e9galement inspirer et enrichir nos pratiques en Wallonie.<\/p>\n\n                    <\/div>\n                    <footer class=\"mt-8\">\n                        <div class=\"flex\">\n                            <div class=\"flex-shrink-0 lg:hidden\">\n                                <img decoding=\"async\" class=\"h-12 w-12 rounded-full\" src=\"https:\/\/www.enabel.be\/app\/uploads\/2025\/12\/1516775562455.jpeg\" alt=\"Isabelle Jeurissen\">\n                            <\/div>\n                            <div class=\"ml-4 lg:ml-0\">\n                                <div class=\"text-base font-medium text-gray-900\">Isabelle Jeurissen<\/div>\n                                                                    <div class=\"font-optima text-base font-medium text-primary-500\">Membre du Comit\u00e9 de Direction de la SWDE\u202f<\/div>\n                                                            <\/div>\n                        <\/div>\n                    <\/footer>\n                <\/blockquote>\n            <\/div>\n\n                    <\/div>\n    <\/div>\n\n\n<section class=\"section--article-content\">\n    <div class=\"container grid grid-cols-12\">\n        <div class=\"col-span-12 col-start-1 md:col-span-8 md:col-start-3\">\n            <p>Le projet s\u2019appuie \u00e9galement sur des partenaires acad\u00e9miques et scientifiques tels que l\u2019Universit\u00e9 de Li\u00e8ge (Gembloux Agro-Bio Tech), l\u2019Institut National Agronomique de Tunisie (INAT) et l\u2019Institution de la Recherche et de l&rsquo;Enseignement Sup\u00e9rieur Agricoles (IRESA), le Centre de coop\u00e9ration internationale en recherche agronomique pour le d\u00e9veloppement (CIRAD) favorisant le transfert de comp\u00e9tences \u00e0 la production de connaissances appliqu\u00e9es et \u00e0 l\u2019appui aux processus de d\u00e9cision publique \u00e0 partir de donn\u00e9es locales et satellitaires.<\/p>\n<p>&nbsp;<\/p>\n<h4><strong><span class=\"text-primary-500\">Des exp\u00e9riences internationales au service de la Tunisie<\/span><\/strong><\/h4>\n<p>Le projet s\u2019inscrit dans la lign\u00e9e de projets men\u00e9s par Enabel et la Wallonie en Afrique, notamment au S\u00e9n\u00e9gal et le soutien au <strong>programme r\u00e9gional LATAWAMA\/TAKIWAMA dans le bassin du lac Tanganyika et du lac Kivu<\/strong>. Ces exp\u00e9riences ont d\u00e9montr\u00e9 l\u2019efficacit\u00e9 d\u2019une approche int\u00e9gr\u00e9e, associant expertise belge et coop\u00e9ration internationale, pour renforcer la r\u00e9silience climatique et promouvoir une gestion durable des ressources naturelles.<\/p>\n<p>&nbsp;<\/p>\n<h4><strong><span class=\"text-primary-500\">Objectifs et r\u00e9sultats attendus<\/span><\/strong><\/h4>\n<p>Le projet poursuit plusieurs objectifs majeurs :<\/p>\n<ul style=\"list-style-type: disc;\">\n<li>Renforcer les capacit\u00e9s de suivi et de gestion des eaux souterraines par l\u2019installation de syst\u00e8mes de t\u00e9l\u00e9mesure, de compteurs intelligents et le d\u00e9veloppement d\u2019une plateforme de partage d\u2019information.<\/li>\n<li>D\u00e9finir un mod\u00e8le de gouvernance territorialis\u00e9e et multisectorielle, \u00e9labor\u00e9 de mani\u00e8re participative et inclusive, pour assurer un usage durable des eaux souterraines et faire face au changement climatique.<\/li>\n<li>Sensibiliser les acteurs politiques et le grand public \u00e0 la pr\u00e9servation, la rationalisation de l\u2019usage et la valorisation des ressources en eau, \u00e0 travers des outils de communication innovants favorisant l\u2019appropriation des enjeux climatiques.<\/li>\n<\/ul>\n<p>&nbsp;<\/p>\n<h4><strong><span class=\"text-primary-500\">Capitalisation et mise \u00e0 l\u2019\u00e9chelle<\/span><\/strong><\/h4>\n<p>La phase pilote \u00e0 <strong>Kairouan (Tunisie centre)<\/strong> est con\u00e7ue comme un laboratoire national, dont les r\u00e9sultats pourront \u00eatre capitalis\u00e9s et \u00e9tendus \u00e0 l\u2019ensemble du territoire tunisien. Les connaissances g\u00e9n\u00e9r\u00e9es seront structur\u00e9es et diffus\u00e9es sous forme de notes d\u2019apprentissage, publications scientifiques et synth\u00e8ses technico-\u00e9conomiques, afin de pr\u00e9parer une \u00e9ventuelle extension nationale du dispositif. Cette dynamique de capitalisation positionne la phase pilote comme la premi\u00e8re \u00e9tape d\u2019un programme national de long terme visant \u00e0 renforcer la r\u00e9silience hydrique de la Tunisie face aux impacts du changement climatique.<\/p>\n<p>&nbsp;<\/p>\n<h4><strong><span class=\"text-primary-500\">Un mod\u00e8le reproductible et durable<\/span><\/strong><\/h4>\n<p>En misant sur l\u2019innovation, la transparence des donn\u00e9es et la concertation territoriale, le projet entend d\u00e9montrer la faisabilit\u00e9 d\u2019une <strong>gestion concert\u00e9e et \u00e9quilibr\u00e9e des eaux souterraines, transf\u00e9rable \u00e0 d\u2019autres contextes et pays<\/strong>. Il incarne la volont\u00e9 de la Wallonie et d\u2019Enabel de poursuivre une coop\u00e9ration structur\u00e9e, inclusive et durable, au service de la r\u00e9silience climatique et du d\u00e9veloppement \u00e9quitable.<\/p>\n\n        <\/div>\n    <\/div>\n<\/section>\n","protected":false},"excerpt":{"rendered":"","protected":false},"author":3,"featured_media":64103,"comment_status":"closed","ping_status":"closed","sticky":false,"template":"","format":"standard","meta":{"_acf_changed":false,"inline_featured_image":false,"footnotes":""},"categories":[15],"tags":[],"classifications":[],"class_list":["post-63987","post","type-post","status-publish","format-standard","has-post-thumbnail","hentry","category-actualites"],"yoast_head":"<!-- This site is optimized with the Yoast SEO plugin v25.9 - https:\/\/yoast.com\/wordpress\/plugins\/seo\/ -->\n<title>Enabel et la R\u00e9gion wallonne unissent leurs forces pour une gestion durable de l\u2019eau en Tunisie - Enabel - Agence belge de coop\u00e9ration internationale<\/title>\n<meta name=\"description\" content=\"Enabel, la R\u00e9gion wallonne et la SWDE soutiennent la Tunisie dans la gestion durable des eaux souterraines face aux d\u00e9fis climatiques.\" \/>\n<meta name=\"robots\" content=\"index, follow, max-snippet:-1, max-image-preview:large, max-video-preview:-1\" \/>\n<link rel=\"canonical\" href=\"https:\/\/www.enabel.be\/fr\/enabel-et-la-region-wallonne-unissent-leurs-forces-pour-une-gestion-durable-de-leau-en-tunisie\/\" \/>\n<meta property=\"og:locale\" content=\"fr_FR\" \/>\n<meta property=\"og:type\" content=\"article\" \/>\n<meta property=\"og:title\" content=\"Enabel et la R\u00e9gion wallonne unissent leurs forces pour une gestion durable de l\u2019eau en Tunisie - Enabel - Agence belge de coop\u00e9ration internationale\" \/>\n<meta property=\"og:description\" content=\"Enabel, la R\u00e9gion wallonne et la SWDE soutiennent la Tunisie dans la gestion durable des eaux souterraines face aux d\u00e9fis climatiques.\" \/>\n<meta property=\"og:url\" content=\"https:\/\/www.enabel.be\/fr\/enabel-et-la-region-wallonne-unissent-leurs-forces-pour-une-gestion-durable-de-leau-en-tunisie\/\" \/>\n<meta property=\"og:site_name\" content=\"Enabel - Agence belge de coop\u00e9ration internationale\" \/>\n<meta property=\"article:publisher\" content=\"https:\/\/www.facebook.com\/EnabelBelgium\/\" \/>\n<meta property=\"article:published_time\" content=\"2025-12-18T08:28:37+00:00\" \/>\n<meta property=\"article:modified_time\" content=\"2025-12-18T08:28:38+00:00\" \/>\n<meta property=\"og:image\" content=\"https:\/\/www.enabel.be\/app\/uploads\/2025\/12\/IMG_0079_RET_MD.jpg\" \/>\n\t<meta property=\"og:image:width\" content=\"2126\" \/>\n\t<meta property=\"og:image:height\" content=\"1417\" \/>\n\t<meta property=\"og:image:type\" content=\"image\/jpeg\" \/>\n<meta name=\"author\" content=\"Blanche\" \/>\n<meta name=\"twitter:card\" content=\"summary_large_image\" \/>\n<meta name=\"twitter:creator\" content=\"@Enabel_Belgium\" \/>\n<meta name=\"twitter:site\" content=\"@Enabel_Belgium\" \/>\n<meta name=\"twitter:label1\" content=\"Written by\" \/>\n\t<meta name=\"twitter:data1\" content=\"Blanche\" \/>\n\t<meta name=\"twitter:label2\" content=\"Est. reading time\" \/>\n\t<meta name=\"twitter:data2\" content=\"5 minutes\" \/>\n<script type=\"application\/ld+json\" class=\"yoast-schema-graph\">{\"@context\":\"https:\/\/schema.org\",\"@graph\":[{\"@type\":\"Article\",\"@id\":\"https:\/\/www.enabel.be\/fr\/enabel-et-la-region-wallonne-unissent-leurs-forces-pour-une-gestion-durable-de-leau-en-tunisie\/#article\",\"isPartOf\":{\"@id\":\"https:\/\/www.enabel.be\/fr\/enabel-et-la-region-wallonne-unissent-leurs-forces-pour-une-gestion-durable-de-leau-en-tunisie\/\"},\"author\":{\"name\":\"Blanche\",\"@id\":\"https:\/\/www.enabel.be\/fr\/#\/schema\/person\/597df7163be49a3ab375ecde2ec071e8\"},\"headline\":\"Enabel et la R\u00e9gion wallonne unissent leurs forces pour une gestion durable de l\u2019eau en Tunisie\",\"datePublished\":\"2025-12-18T08:28:37+00:00\",\"dateModified\":\"2025-12-18T08:28:38+00:00\",\"mainEntityOfPage\":{\"@id\":\"https:\/\/www.enabel.be\/fr\/enabel-et-la-region-wallonne-unissent-leurs-forces-pour-une-gestion-durable-de-leau-en-tunisie\/\"},\"wordCount\":18,\"publisher\":{\"@id\":\"https:\/\/www.enabel.be\/fr\/#organization\"},\"image\":{\"@id\":\"https:\/\/www.enabel.be\/fr\/enabel-et-la-region-wallonne-unissent-leurs-forces-pour-une-gestion-durable-de-leau-en-tunisie\/#primaryimage\"},\"thumbnailUrl\":\"https:\/\/www.enabel.be\/app\/uploads\/2025\/12\/IMG_0079_RET_MD.jpg\",\"articleSection\":[\"Actualit\u00e9s\"],\"inLanguage\":\"fr-FR\"},{\"@type\":\"WebPage\",\"@id\":\"https:\/\/www.enabel.be\/fr\/enabel-et-la-region-wallonne-unissent-leurs-forces-pour-une-gestion-durable-de-leau-en-tunisie\/\",\"url\":\"https:\/\/www.enabel.be\/fr\/enabel-et-la-region-wallonne-unissent-leurs-forces-pour-une-gestion-durable-de-leau-en-tunisie\/\",\"name\":\"Enabel et la R\u00e9gion wallonne unissent leurs forces pour une gestion durable de l\u2019eau en Tunisie - Enabel - Agence belge de coop\u00e9ration internationale\",\"isPartOf\":{\"@id\":\"https:\/\/www.enabel.be\/fr\/#website\"},\"primaryImageOfPage\":{\"@id\":\"https:\/\/www.enabel.be\/fr\/enabel-et-la-region-wallonne-unissent-leurs-forces-pour-une-gestion-durable-de-leau-en-tunisie\/#primaryimage\"},\"image\":{\"@id\":\"https:\/\/www.enabel.be\/fr\/enabel-et-la-region-wallonne-unissent-leurs-forces-pour-une-gestion-durable-de-leau-en-tunisie\/#primaryimage\"},\"thumbnailUrl\":\"https:\/\/www.enabel.be\/app\/uploads\/2025\/12\/IMG_0079_RET_MD.jpg\",\"datePublished\":\"2025-12-18T08:28:37+00:00\",\"dateModified\":\"2025-12-18T08:28:38+00:00\",\"description\":\"Enabel, la R\u00e9gion wallonne et la SWDE soutiennent la Tunisie dans la gestion durable des eaux souterraines face aux d\u00e9fis climatiques.\",\"breadcrumb\":{\"@id\":\"https:\/\/www.enabel.be\/fr\/enabel-et-la-region-wallonne-unissent-leurs-forces-pour-une-gestion-durable-de-leau-en-tunisie\/#breadcrumb\"},\"inLanguage\":\"fr-FR\",\"potentialAction\":[{\"@type\":\"ReadAction\",\"target\":[\"https:\/\/www.enabel.be\/fr\/enabel-et-la-region-wallonne-unissent-leurs-forces-pour-une-gestion-durable-de-leau-en-tunisie\/\"]}]},{\"@type\":\"ImageObject\",\"inLanguage\":\"fr-FR\",\"@id\":\"https:\/\/www.enabel.be\/fr\/enabel-et-la-region-wallonne-unissent-leurs-forces-pour-une-gestion-durable-de-leau-en-tunisie\/#primaryimage\",\"url\":\"https:\/\/www.enabel.be\/app\/uploads\/2025\/12\/IMG_0079_RET_MD.jpg\",\"contentUrl\":\"https:\/\/www.enabel.be\/app\/uploads\/2025\/12\/IMG_0079_RET_MD.jpg\",\"width\":2126,\"height\":1417},{\"@type\":\"BreadcrumbList\",\"@id\":\"https:\/\/www.enabel.be\/fr\/enabel-et-la-region-wallonne-unissent-leurs-forces-pour-une-gestion-durable-de-leau-en-tunisie\/#breadcrumb\",\"itemListElement\":[{\"@type\":\"ListItem\",\"position\":1,\"name\":\"Home\",\"item\":\"https:\/\/www.enabel.be\/fr\/\"},{\"@type\":\"ListItem\",\"position\":2,\"name\":\"Enabel et la R\u00e9gion wallonne unissent leurs forces pour une gestion durable de l\u2019eau en Tunisie\"}]},{\"@type\":\"WebSite\",\"@id\":\"https:\/\/www.enabel.be\/fr\/#website\",\"url\":\"https:\/\/www.enabel.be\/fr\/\",\"name\":\"Enabel - Agence belge de coop\u00e9ration internationale\",\"description\":\"Enabling Change\",\"publisher\":{\"@id\":\"https:\/\/www.enabel.be\/fr\/#organization\"},\"potentialAction\":[{\"@type\":\"SearchAction\",\"target\":{\"@type\":\"EntryPoint\",\"urlTemplate\":\"https:\/\/www.enabel.be\/fr\/?s={search_term_string}\"},\"query-input\":{\"@type\":\"PropertyValueSpecification\",\"valueRequired\":true,\"valueName\":\"search_term_string\"}}],\"inLanguage\":\"fr-FR\"},{\"@type\":\"Organization\",\"@id\":\"https:\/\/www.enabel.be\/fr\/#organization\",\"name\":\"Enabel - Agence belge de coop\u00e9ration internationale\",\"url\":\"https:\/\/www.enabel.be\/fr\/\",\"logo\":{\"@type\":\"ImageObject\",\"inLanguage\":\"fr-FR\",\"@id\":\"https:\/\/www.enabel.be\/fr\/#\/schema\/logo\/image\/\",\"url\":\"https:\/\/www.enabel.be\/app\/uploads\/2022\/06\/enabel-logo-color.svg\",\"contentUrl\":\"https:\/\/www.enabel.be\/app\/uploads\/2022\/06\/enabel-logo-color.svg\",\"width\":103,\"height\":35,\"caption\":\"Enabel - Agence belge de coop\u00e9ration internationale\"},\"image\":{\"@id\":\"https:\/\/www.enabel.be\/fr\/#\/schema\/logo\/image\/\"},\"sameAs\":[\"https:\/\/www.facebook.com\/EnabelBelgium\/\",\"https:\/\/x.com\/Enabel_Belgium\",\"https:\/\/www.instagram.com\/enabel_be\/\",\"https:\/\/www.linkedin.com\/company\/enabel\/\",\"https:\/\/www.youtube.com\/channel\/UCHGr3iOQ9n2jORzgtkv5FyQ\"]},{\"@type\":\"Person\",\"@id\":\"https:\/\/www.enabel.be\/fr\/#\/schema\/person\/597df7163be49a3ab375ecde2ec071e8\",\"name\":\"Blanche\"}]}<\/script>\n<!-- \/ Yoast SEO plugin. -->","yoast_head_json":{"title":"Enabel et la R\u00e9gion wallonne unissent leurs forces pour une gestion durable de l\u2019eau en Tunisie - Enabel - Agence belge de coop\u00e9ration internationale","description":"Enabel, la R\u00e9gion wallonne et la SWDE soutiennent la Tunisie dans la gestion durable des eaux souterraines face aux d\u00e9fis climatiques.","robots":{"index":"index","follow":"follow","max-snippet":"max-snippet:-1","max-image-preview":"max-image-preview:large","max-video-preview":"max-video-preview:-1"},"canonical":"https:\/\/www.enabel.be\/fr\/enabel-et-la-region-wallonne-unissent-leurs-forces-pour-une-gestion-durable-de-leau-en-tunisie\/","og_locale":"fr_FR","og_type":"article","og_title":"Enabel et la R\u00e9gion wallonne unissent leurs forces pour une gestion durable de l\u2019eau en Tunisie - Enabel - Agence belge de coop\u00e9ration internationale","og_description":"Enabel, la R\u00e9gion wallonne et la SWDE soutiennent la Tunisie dans la gestion durable des eaux souterraines face aux d\u00e9fis climatiques.","og_url":"https:\/\/www.enabel.be\/fr\/enabel-et-la-region-wallonne-unissent-leurs-forces-pour-une-gestion-durable-de-leau-en-tunisie\/","og_site_name":"Enabel - Agence belge de coop\u00e9ration internationale","article_publisher":"https:\/\/www.facebook.com\/EnabelBelgium\/","article_published_time":"2025-12-18T08:28:37+00:00","article_modified_time":"2025-12-18T08:28:38+00:00","og_image":[{"width":2126,"height":1417,"url":"https:\/\/www.enabel.be\/app\/uploads\/2025\/12\/IMG_0079_RET_MD.jpg","type":"image\/jpeg"}],"author":"Blanche","twitter_card":"summary_large_image","twitter_creator":"@Enabel_Belgium","twitter_site":"@Enabel_Belgium","twitter_misc":{"Written by":"Blanche","Est. reading time":"5 minutes"},"schema":{"@context":"https:\/\/schema.org","@graph":[{"@type":"Article","@id":"https:\/\/www.enabel.be\/fr\/enabel-et-la-region-wallonne-unissent-leurs-forces-pour-une-gestion-durable-de-leau-en-tunisie\/#article","isPartOf":{"@id":"https:\/\/www.enabel.be\/fr\/enabel-et-la-region-wallonne-unissent-leurs-forces-pour-une-gestion-durable-de-leau-en-tunisie\/"},"author":{"name":"Blanche","@id":"https:\/\/www.enabel.be\/fr\/#\/schema\/person\/597df7163be49a3ab375ecde2ec071e8"},"headline":"Enabel et la R\u00e9gion wallonne unissent leurs forces pour une gestion durable de l\u2019eau en Tunisie","datePublished":"2025-12-18T08:28:37+00:00","dateModified":"2025-12-18T08:28:38+00:00","mainEntityOfPage":{"@id":"https:\/\/www.enabel.be\/fr\/enabel-et-la-region-wallonne-unissent-leurs-forces-pour-une-gestion-durable-de-leau-en-tunisie\/"},"wordCount":18,"publisher":{"@id":"https:\/\/www.enabel.be\/fr\/#organization"},"image":{"@id":"https:\/\/www.enabel.be\/fr\/enabel-et-la-region-wallonne-unissent-leurs-forces-pour-une-gestion-durable-de-leau-en-tunisie\/#primaryimage"},"thumbnailUrl":"https:\/\/www.enabel.be\/app\/uploads\/2025\/12\/IMG_0079_RET_MD.jpg","articleSection":["Actualit\u00e9s"],"inLanguage":"fr-FR"},{"@type":"WebPage","@id":"https:\/\/www.enabel.be\/fr\/enabel-et-la-region-wallonne-unissent-leurs-forces-pour-une-gestion-durable-de-leau-en-tunisie\/","url":"https:\/\/www.enabel.be\/fr\/enabel-et-la-region-wallonne-unissent-leurs-forces-pour-une-gestion-durable-de-leau-en-tunisie\/","name":"Enabel et la R\u00e9gion wallonne unissent leurs forces pour une gestion durable de l\u2019eau en Tunisie - Enabel - Agence belge de coop\u00e9ration internationale","isPartOf":{"@id":"https:\/\/www.enabel.be\/fr\/#website"},"primaryImageOfPage":{"@id":"https:\/\/www.enabel.be\/fr\/enabel-et-la-region-wallonne-unissent-leurs-forces-pour-une-gestion-durable-de-leau-en-tunisie\/#primaryimage"},"image":{"@id":"https:\/\/www.enabel.be\/fr\/enabel-et-la-region-wallonne-unissent-leurs-forces-pour-une-gestion-durable-de-leau-en-tunisie\/#primaryimage"},"thumbnailUrl":"https:\/\/www.enabel.be\/app\/uploads\/2025\/12\/IMG_0079_RET_MD.jpg","datePublished":"2025-12-18T08:28:37+00:00","dateModified":"2025-12-18T08:28:38+00:00","description":"Enabel, la R\u00e9gion wallonne et la SWDE soutiennent la Tunisie dans la gestion durable des eaux souterraines face aux d\u00e9fis climatiques.","breadcrumb":{"@id":"https:\/\/www.enabel.be\/fr\/enabel-et-la-region-wallonne-unissent-leurs-forces-pour-une-gestion-durable-de-leau-en-tunisie\/#breadcrumb"},"inLanguage":"fr-FR","potentialAction":[{"@type":"ReadAction","target":["https:\/\/www.enabel.be\/fr\/enabel-et-la-region-wallonne-unissent-leurs-forces-pour-une-gestion-durable-de-leau-en-tunisie\/"]}]},{"@type":"ImageObject","inLanguage":"fr-FR","@id":"https:\/\/www.enabel.be\/fr\/enabel-et-la-region-wallonne-unissent-leurs-forces-pour-une-gestion-durable-de-leau-en-tunisie\/#primaryimage","url":"https:\/\/www.enabel.be\/app\/uploads\/2025\/12\/IMG_0079_RET_MD.jpg","contentUrl":"https:\/\/www.enabel.be\/app\/uploads\/2025\/12\/IMG_0079_RET_MD.jpg","width":2126,"height":1417},{"@type":"BreadcrumbList","@id":"https:\/\/www.enabel.be\/fr\/enabel-et-la-region-wallonne-unissent-leurs-forces-pour-une-gestion-durable-de-leau-en-tunisie\/#breadcrumb","itemListElement":[{"@type":"ListItem","position":1,"name":"Home","item":"https:\/\/www.enabel.be\/fr\/"},{"@type":"ListItem","position":2,"name":"Enabel et la R\u00e9gion wallonne unissent leurs forces pour une gestion durable de l\u2019eau en Tunisie"}]},{"@type":"WebSite","@id":"https:\/\/www.enabel.be\/fr\/#website","url":"https:\/\/www.enabel.be\/fr\/","name":"Enabel - Agence belge de coop\u00e9ration internationale","description":"Enabling Change","publisher":{"@id":"https:\/\/www.enabel.be\/fr\/#organization"},"potentialAction":[{"@type":"SearchAction","target":{"@type":"EntryPoint","urlTemplate":"https:\/\/www.enabel.be\/fr\/?s={search_term_string}"},"query-input":{"@type":"PropertyValueSpecification","valueRequired":true,"valueName":"search_term_string"}}],"inLanguage":"fr-FR"},{"@type":"Organization","@id":"https:\/\/www.enabel.be\/fr\/#organization","name":"Enabel - Agence belge de coop\u00e9ration internationale","url":"https:\/\/www.enabel.be\/fr\/","logo":{"@type":"ImageObject","inLanguage":"fr-FR","@id":"https:\/\/www.enabel.be\/fr\/#\/schema\/logo\/image\/","url":"https:\/\/www.enabel.be\/app\/uploads\/2022\/06\/enabel-logo-color.svg","contentUrl":"https:\/\/www.enabel.be\/app\/uploads\/2022\/06\/enabel-logo-color.svg","width":103,"height":35,"caption":"Enabel - Agence belge de coop\u00e9ration internationale"},"image":{"@id":"https:\/\/www.enabel.be\/fr\/#\/schema\/logo\/image\/"},"sameAs":["https:\/\/www.facebook.com\/EnabelBelgium\/","https:\/\/x.com\/Enabel_Belgium","https:\/\/www.instagram.com\/enabel_be\/","https:\/\/www.linkedin.com\/company\/enabel\/","https:\/\/www.youtube.com\/channel\/UCHGr3iOQ9n2jORzgtkv5FyQ"]},{"@type":"Person","@id":"https:\/\/www.enabel.be\/fr\/#\/schema\/person\/597df7163be49a3ab375ecde2ec071e8","name":"Blanche"}]}},"acf":[],"_links":{"self":[{"href":"https:\/\/www.enabel.be\/fr\/wp-json\/wp\/v2\/posts\/63987","targetHints":{"allow":["GET"]}}],"collection":[{"href":"https:\/\/www.enabel.be\/fr\/wp-json\/wp\/v2\/posts"}],"about":[{"href":"https:\/\/www.enabel.be\/fr\/wp-json\/wp\/v2\/types\/post"}],"author":[{"embeddable":true,"href":"https:\/\/www.enabel.be\/fr\/wp-json\/wp\/v2\/users\/3"}],"replies":[{"embeddable":true,"href":"https:\/\/www.enabel.be\/fr\/wp-json\/wp\/v2\/comments?post=63987"}],"version-history":[{"count":9,"href":"https:\/\/www.enabel.be\/fr\/wp-json\/wp\/v2\/posts\/63987\/revisions"}],"predecessor-version":[{"id":64109,"href":"https:\/\/www.enabel.be\/fr\/wp-json\/wp\/v2\/posts\/63987\/revisions\/64109"}],"wp:featuredmedia":[{"embeddable":true,"href":"https:\/\/www.enabel.be\/fr\/wp-json\/wp\/v2\/media\/64103"}],"wp:attachment":[{"href":"https:\/\/www.enabel.be\/fr\/wp-json\/wp\/v2\/media?parent=63987"}],"wp:term":[{"taxonomy":"category","embeddable":true,"href":"https:\/\/www.enabel.be\/fr\/wp-json\/wp\/v2\/categories?post=63987"},{"taxonomy":"post_tag","embeddable":true,"href":"https:\/\/www.enabel.be\/fr\/wp-json\/wp\/v2\/tags?post=63987"},{"taxonomy":"classifications","embeddable":true,"href":"https:\/\/www.enabel.be\/fr\/wp-json\/wp\/v2\/classifications?post=63987"}],"curies":[{"name":"wp","href":"https:\/\/api.w.org\/{rel}","templated":true}]}}