{"id":65749,"date":"2026-02-06T09:47:44","date_gmt":"2026-02-06T09:47:44","guid":{"rendered":"https:\/\/www.enabel.be\/?p=65749"},"modified":"2026-02-27T09:18:57","modified_gmt":"2026-02-27T09:18:57","slug":"colruyt-group-foundation-et-enabel-lancent-le-youth-incubator","status":"publish","type":"post","link":"https:\/\/www.enabel.be\/fr\/colruyt-group-foundation-et-enabel-lancent-le-youth-incubator\/","title":{"rendered":"Colruyt Group Foundation et Enabel lancent le Youth Incubator"},"content":{"rendered":"<header class=\"header--news pt-10 lg:pt-40 pb-16 relative \">\n    <div class=\"z-10 container grid grid-cols-12\">\n        <div class=\"group group-h5:bg-primary-500 col-span-12 md:col-span-10 col-padding col-start-1 md:col-start-2 text-center\">\n                            <p>Actualit\u00e9s<\/p>\n                                        <p>06 f\u00e9vrier 2026<\/p>\n                                        <h1>Colruyt Group Foundation et Enabel lancent le Youth Incubator<\/h1>\n                                        <p class=\"h4 mb-10\">Un partenariat public-priv\u00e9 unique pour la r\u00e9alisation de projets dans le domaine de la coop\u00e9ration internationale<\/p>\n            \n            <img decoding=\"async\" width=\"1920\" height=\"1080\" src=\"https:\/\/www.enabel.be\/app\/uploads\/2026\/02\/Stefan-Goethaert-Jean-Van-Wetter_RET.jpg\" class=\"mt-20 w-full h-auto max-h-[600px] object-cover object-center rounded-lg wp-post-image\" alt=\"stefan goethaert and jean van wetter sitting at a table\" srcset=\"https:\/\/www.enabel.be\/app\/uploads\/2026\/02\/Stefan-Goethaert-Jean-Van-Wetter_RET.jpg 1920w, https:\/\/www.enabel.be\/app\/uploads\/2026\/02\/Stefan-Goethaert-Jean-Van-Wetter_RET-300x169.jpg 300w, https:\/\/www.enabel.be\/app\/uploads\/2026\/02\/Stefan-Goethaert-Jean-Van-Wetter_RET-1024x576.jpg 1024w, https:\/\/www.enabel.be\/app\/uploads\/2026\/02\/Stefan-Goethaert-Jean-Van-Wetter_RET-768x432.jpg 768w, https:\/\/www.enabel.be\/app\/uploads\/2026\/02\/Stefan-Goethaert-Jean-Van-Wetter_RET-1536x864.jpg 1536w, https:\/\/www.enabel.be\/app\/uploads\/2026\/02\/Stefan-Goethaert-Jean-Van-Wetter_RET-550x309.jpg 550w\" sizes=\"(max-width: 1920px) 100vw, 1920px\" \/>\n        <\/div>\n    <\/div>\n<\/header>\n\n<section class=\"section--article-content\">\n    <div class=\"container grid grid-cols-12\">\n        <div class=\"col-span-12 col-start-1 md:col-span-8 md:col-start-3\">\n            <h3 style=\"text-align: center;\"><span class=\"text-primary-500\">Hal, f\u00e9vrier 2026 &#8211; Colruyt Group Foundation et Enabel lancent aujourd&rsquo;hui le Youth Incubator, un projet sur cinq ans qui accompagne et soutient les jeunes dans le d\u00e9veloppement de projets dans le domaine de la coop\u00e9ration internationale. En p\u00e9riode de restriction budg\u00e9taire, ce type de partenariat public-priv\u00e9 pourrait bien devenir la nouvelle norme pour le soutien aux projets soci\u00e9taux.<\/span><\/h3>\n<p>&nbsp;<\/p>\n<p>Le Youth Incubator est n\u00e9 du constat que de nombreux jeunes s&rsquo;inqui\u00e8tent pour l&rsquo;avenir. Changement climatique, conflits internationaux, in\u00e9galit\u00e9s sociales : les jeunes ressentent l&rsquo;urgence de la situation. Ils souhaitent donc contribuer activement \u00e0 un monde plus juste et plus durable. En m\u00eame temps, les jeunes ne savent pas toujours vers qui se tourner<sup>1<\/sup>, ils trouvent que les initiatives existantes offrent peu de flexibilit\u00e9<sup>2<\/sup> ou ne garantissent pas suffisamment de diversit\u00e9.<\/p>\n\n        <\/div>\n    <\/div>\n<\/section>\n\n\n<div class=\"relative max-w-7xl mx-auto pt-20 pb-12 px-4 sm:px-6 lg:px-8 lg:py-20 overflow-hidden\">\n        <svg class=\"absolute top-full left-0 transform translate-x-80 -translate-y-24 lg:hidden\" width=\"784\" height=\"404\" fill=\"none\" viewBox=\"0 0 784 404\" aria-hidden=\"true\">\n            <defs>\n                <pattern id=\"e56e3f81-d9c1-4b83-a3ba-0d0ac8c32f32\" x=\"0\" y=\"0\" width=\"20\" height=\"20\" patternUnits=\"userSpaceOnUse\">\n                    <rect x=\"0\" y=\"0\" width=\"4\" height=\"4\" class=\"text-gray-200\" fill=\"currentColor\" \/>\n                <\/pattern>\n            <\/defs>\n            <rect width=\"784\" height=\"404\" fill=\"url(#e56e3f81-d9c1-4b83-a3ba-0d0ac8c32f32)\" \/>\n        <\/svg>\n\n        <svg class=\"hidden lg:block absolute right-full top-1\/2 transform translate-x-1\/2 -translate-y-1\/2\" width=\"404\" height=\"784\" fill=\"none\" viewBox=\"0 0 404 784\" aria-hidden=\"true\">\n            <defs>\n                <pattern id=\"56409614-3d62-4985-9a10-7ca758a8f4f0\" x=\"0\" y=\"0\" width=\"20\" height=\"20\" patternUnits=\"userSpaceOnUse\">\n                    <rect x=\"0\" y=\"0\" width=\"4\" height=\"4\" class=\"text-gray-200\" fill=\"currentColor\" \/>\n                <\/pattern>\n            <\/defs>\n            <rect width=\"404\" height=\"784\" fill=\"url(#56409614-3d62-4985-9a10-7ca758a8f4f0)\" \/>\n        <\/svg>\n\n        <div class=\"relative lg:flex lg:items-center\">\n            \n            <div class=\"relative lg:ml-10\">\n                <svg class=\"absolute top-0 left-0 transform -translate-x-8 -translate-y-24 h-36 w-36 text-indigo-200 opacity-50\" stroke=\"currentColor\" fill=\"none\" viewBox=\"0 0 144 144\" aria-hidden=\"true\">\n                    <path stroke-width=\"2\" d=\"M41.485 15C17.753 31.753 1 59.208 1 89.455c0 24.664 14.891 39.09 32.109 39.09 16.287 0 28.386-13.03 28.386-28.387 0-15.356-10.703-26.524-24.663-26.524-2.792 0-6.515.465-7.446.93 2.327-15.821 17.218-34.435 32.11-43.742L41.485 15zm80.04 0c-23.268 16.753-40.02 44.208-40.02 74.455 0 24.664 14.891 39.09 32.109 39.09 15.822 0 28.386-13.03 28.386-28.387 0-15.356-11.168-26.524-25.129-26.524-2.792 0-6.049.465-6.98.93 2.327-15.821 16.753-34.435 31.644-43.742L121.525 15z\" \/>\n                <\/svg>\n                <blockquote class=\"relative\">\n                                        <div class=\"text-2xl leading-9 font-medium text-gray-900\">\n                        <p>\u00ab\u202fNous sommes convaincus que les jeunes sont un puissant levier de changement social. Avec le Youth Incubator, nous voulons leur offrir le soutien ad\u00e9quat pour d\u00e9velopper leurs id\u00e9es en mati\u00e8re de coop\u00e9ration internationale et les renforcer en tant que citoyens du monde\u202f\u00bb<\/p>\n\n                    <\/div>\n                    <footer class=\"mt-8\">\n                        <div class=\"flex\">\n                            <div class=\"flex-shrink-0 lg:hidden\">\n                                <img decoding=\"async\" class=\"h-12 w-12 rounded-full\" src=\"https:\/\/www.enabel.be\/app\/uploads\/2025\/07\/Stefan_Goethaert_GF_480x480.jpg\" alt=\"Stefan Goethaert\">\n                            <\/div>\n                            <div class=\"ml-4 lg:ml-0\">\n                                <div class=\"text-base font-medium text-gray-900\">Stefan Goethaert<\/div>\n                                                                    <div class=\"font-optima text-base font-medium text-primary-500\">Pr\u00e9sident Colruyt Group Foundation<\/div>\n                                                            <\/div>\n                        <\/div>\n                    <\/footer>\n                <\/blockquote>\n            <\/div>\n\n                            <div class=\"hidden lg:block lg:flex-shrink-0\">\n                    <img decoding=\"async\" class=\"h-64 w-64 rounded-full xl:h-80 xl:w-80\" src=\"https:\/\/www.enabel.be\/app\/uploads\/2025\/07\/Stefan_Goethaert_GF_480x480.jpg\" alt=\"Stefan Goethaert\">\n                <\/div>\n                    <\/div>\n    <\/div>\n\n\n<section class=\"section--article-content\">\n    <div class=\"container grid grid-cols-12\">\n        <div class=\"col-span-12 col-start-1 md:col-span-8 md:col-start-3\">\n            <p>Le Youth Incubator est un programme d&rsquo;accompagnement ax\u00e9 sur le renforcement des comp\u00e9tences, des connaissances, du d\u00e9veloppement personnel et du r\u00e9seautage (international). Le contenu concret du parcours est adapt\u00e9 aux besoins des jeunes, et contient par ailleurs des ateliers sur la pr\u00e9sentation efficace d\u2019un projet et la collecte de fonds. Ils b\u00e9n\u00e9ficient en outre de l&rsquo;accompagnement d&rsquo;experts et de mentors.<\/p>\n<blockquote><p><span class=\"text-primary-500\"><em> \u00ab\u202fLes jeunes sont mis en relation entre eux et avec d&rsquo;autres jeunes engag\u00e9s \u00e0 travers le monde. Nous leur offrons ainsi des opportunit\u00e9s concr\u00e8tes pour r\u00e9aliser leurs projets, tant en Belgique qu&rsquo;ailleurs dans le monde. Pensez, par exemple, \u00e0 une s\u00e9rie de podcasts sur la paix en Ukraine ou \u00e0 un documentaire sur l&rsquo;impact du changement climatique sur la cha\u00eene alimentaire en Belgique et au B\u00e9nin\u202f\u00bb<\/em>, pr\u00e9cise Jean Van Wetter, CEO d\u2019Enabel.<\/span><\/p><\/blockquote>\n<p>Dans le cadre de ce projet, Colruyt Group Foundation et BeGlobal (le programme pour les jeunes d&rsquo;Enabel) mettent leur expertise, leur r\u00e9seau et leur budget \u00e0 la disposition des jeunes \u00e2g\u00e9s de 18 \u00e0 35 ans originaires de Belgique et des pays partenaires. Le projet collabore \u00e9galement avec diverses organisations (de jeunesse), telles que YOUCA et Globelink, qui ont d\u00e9j\u00e0 plusieurs ann\u00e9es d&rsquo;exp\u00e9rience dans la mobilisation des jeunes autour de th\u00e8mes mondiaux.<\/p>\n<p>Ils peuvent participer \u00e0 l&rsquo;incubateur de trois mani\u00e8res : via des organisations de jeunes, via un appel \u00e0 projets en Belgique et, \u00e0 un stade ult\u00e9rieur, via un appel \u00e0 projets dans l&rsquo;un des pays partenaires. Chaque parcours suit son propre d\u00e9roulement, d&rsquo;une dur\u00e9e maximale de deux ans.<\/p>\n<p>L&rsquo;ambition du Youth Incubator pour les cinq prochaines ann\u00e9es est d&rsquo;accompagner 90 jeunes. Cela repr\u00e9sente environ 34 projets avec 1 \u00e0 4 jeunes par projet. Certains de ces projets seront s\u00e9lectionn\u00e9s pour b\u00e9n\u00e9ficier d&rsquo;un soutien suppl\u00e9mentaire afin de se d\u00e9velopper davantage et devenir des initiatives durables. Les organisations de jeunesse lanceront la premi\u00e8re phase du projet en f\u00e9vrier et le premier appel \u00e0 projets sera lanc\u00e9 \u00e0 l&rsquo;\u00e9t\u00e9 2026.<\/p>\n<p>La collaboration entre Colruyt Group Foundation et BeGlobal (Enabel) est un partenariat unique et innovant, dans lequel les forces d&rsquo;une fondation d&rsquo;entreprise et d&rsquo;un acteur public se compl\u00e8tent. En outre, l&rsquo;incubateur est pour Enabel la premi\u00e8re collaboration en Belgique avec un acteur priv\u00e9. <em>\u00ab L&rsquo;incubateur s&rsquo;inscrit parfaitement dans la vision de Colruyt Group Foundation, qui consid\u00e8re les jeunes comme les entrepreneurs de leur propre vie, en accordant une attention particuli\u00e8re \u00e0 leur d\u00e9veloppement personnel \u00bb<\/em>, explique Stefan Goethaert, Pr\u00e9sident Colruyt Group Foundation.<\/p>\n<p>Jean Van Wetter, CEO d&rsquo;Enabel, partage cet avis et ajoute : <em>\u00ab En donnant aux jeunes la possibilit\u00e9 de s&rsquo;engager et de collaborer au-del\u00e0 des fronti\u00e8res, nous renfor\u00e7ons non seulement leurs connaissances sur les d\u00e9fis mondiaux, mais aussi leur conviction et leur capacit\u00e9 \u00e0 contribuer \u00e0 un monde plus durable et plus juste. \u00bb<\/em><\/p>\n<p>&nbsp;<\/p>\n<hr \/>\n<p><strong><span style=\"font-size: 14pt;\">Plus d\u2019information sur ce projet :<\/p>\n<p><\/span><\/strong><a href=\"https:\/\/colruytgroupfoundation.org\/fr\" target=\"_blank\" rel=\"noopener\">Site Colruyt Group Foundation<\/a><br \/>\n<a href=\"https:\/\/beglobal.enabel.be\/?lang=fr\" target=\"_blank\" rel=\"noopener\">Site BeGlobal d&rsquo;Enabel<\/a><\/p>\n<ul style=\"list-style-type: disc;\">\n<li>Pour toute question d&rsquo;ordre informatif, veuillez contacter :<br \/>\nEvelien Defossez (charg\u00e9e de projet, Enabel) : evelien.defossez@enabel.be<\/li>\n<li>Pour toute demande d&rsquo;interview, veuillez contacter :<br \/>\nNo\u00e9mie Marquet (charg\u00e9e de communication BeGlobal, Enabel) no\u00e9mie.marquet@enabel.be<br \/>\nAm\u00e9lie Putmans (attach\u00e9e de presse Colruyt Group Foundation) Am\u00e9lie.Putmans@Colruytgroup.com<\/li>\n<\/ul>\n<p>&nbsp;<\/p>\n<p><sup>1 <a href=\"https:\/\/www.methos.eu\/fr\/projet\/engagement-civique-jeunesse\" target=\"_blank\" rel=\"noopener\">S&rsquo;engager quand on est jeunes &#8211; M\u00e9thos<\/a><\/sup><br \/>\n<sup>2 <a href=\"https:\/\/planinternational.be\/fr-be\/publications\/jeunes-solidarit%C3%A9-internationale\" target=\"_blank\" rel=\"noopener\">Jeunes et solidarit\u00e9 internationale<\/a><\/sup><\/p>\n\n        <\/div>\n    <\/div>\n<\/section>\n","protected":false},"excerpt":{"rendered":"","protected":false},"author":3,"featured_media":66601,"comment_status":"closed","ping_status":"closed","sticky":false,"template":"","format":"standard","meta":{"_acf_changed":false,"inline_featured_image":false,"footnotes":""},"categories":[15],"tags":[],"classifications":[],"class_list":["post-65749","post","type-post","status-publish","format-standard","has-post-thumbnail","hentry","category-actualites"],"yoast_head":"<!-- This site is optimized with the Yoast SEO plugin v25.9 - https:\/\/yoast.com\/wordpress\/plugins\/seo\/ -->\n<title>Colruyt Group Foundation et Enabel lancent le Youth Incubator - Enabel - Agence belge de coop\u00e9ration internationale<\/title>\n<meta name=\"description\" content=\"Youth Incubator : Colruyt Group Foundation et Enabel soutiennent les jeunes de 18 \u00e0 35 ans dans des projets de coop\u00e9ration internationale.\" \/>\n<meta name=\"robots\" content=\"index, follow, max-snippet:-1, max-image-preview:large, max-video-preview:-1\" \/>\n<link rel=\"canonical\" href=\"https:\/\/www.enabel.be\/fr\/colruyt-group-foundation-et-enabel-lancent-le-youth-incubator\/\" \/>\n<meta property=\"og:locale\" content=\"fr_FR\" \/>\n<meta property=\"og:type\" content=\"article\" \/>\n<meta property=\"og:title\" content=\"Colruyt Group Foundation et Enabel lancent le Youth Incubator - Enabel - Agence belge de coop\u00e9ration internationale\" \/>\n<meta property=\"og:description\" content=\"Youth Incubator : Colruyt Group Foundation et Enabel soutiennent les jeunes de 18 \u00e0 35 ans dans des projets de coop\u00e9ration internationale.\" \/>\n<meta property=\"og:url\" content=\"https:\/\/www.enabel.be\/fr\/colruyt-group-foundation-et-enabel-lancent-le-youth-incubator\/\" \/>\n<meta property=\"og:site_name\" content=\"Enabel - Agence belge de coop\u00e9ration internationale\" \/>\n<meta property=\"article:publisher\" content=\"https:\/\/www.facebook.com\/EnabelBelgium\/\" \/>\n<meta property=\"article:published_time\" content=\"2026-02-06T09:47:44+00:00\" \/>\n<meta property=\"article:modified_time\" content=\"2026-02-27T09:18:57+00:00\" \/>\n<meta property=\"og:image\" content=\"https:\/\/www.enabel.be\/app\/uploads\/2026\/02\/Stefan-Goethaert-Jean-Van-Wetter_RET.jpg\" \/>\n\t<meta property=\"og:image:width\" content=\"1920\" \/>\n\t<meta property=\"og:image:height\" content=\"1080\" \/>\n\t<meta property=\"og:image:type\" content=\"image\/jpeg\" \/>\n<meta name=\"author\" content=\"Blanche\" \/>\n<meta name=\"twitter:card\" content=\"summary_large_image\" \/>\n<meta name=\"twitter:creator\" content=\"@Enabel_Belgium\" \/>\n<meta name=\"twitter:site\" content=\"@Enabel_Belgium\" \/>\n<meta name=\"twitter:label1\" content=\"Written by\" \/>\n\t<meta name=\"twitter:data1\" content=\"Blanche\" \/>\n\t<meta name=\"twitter:label2\" content=\"Est. reading time\" \/>\n\t<meta name=\"twitter:data2\" content=\"4 minutes\" \/>\n<script type=\"application\/ld+json\" class=\"yoast-schema-graph\">{\"@context\":\"https:\/\/schema.org\",\"@graph\":[{\"@type\":\"Article\",\"@id\":\"https:\/\/www.enabel.be\/fr\/colruyt-group-foundation-et-enabel-lancent-le-youth-incubator\/#article\",\"isPartOf\":{\"@id\":\"https:\/\/www.enabel.be\/fr\/colruyt-group-foundation-et-enabel-lancent-le-youth-incubator\/\"},\"author\":{\"name\":\"Blanche\",\"@id\":\"https:\/\/www.enabel.be\/fr\/#\/schema\/person\/597df7163be49a3ab375ecde2ec071e8\"},\"headline\":\"Colruyt Group Foundation et Enabel lancent le Youth Incubator\",\"datePublished\":\"2026-02-06T09:47:44+00:00\",\"dateModified\":\"2026-02-27T09:18:57+00:00\",\"mainEntityOfPage\":{\"@id\":\"https:\/\/www.enabel.be\/fr\/colruyt-group-foundation-et-enabel-lancent-le-youth-incubator\/\"},\"wordCount\":9,\"publisher\":{\"@id\":\"https:\/\/www.enabel.be\/fr\/#organization\"},\"image\":{\"@id\":\"https:\/\/www.enabel.be\/fr\/colruyt-group-foundation-et-enabel-lancent-le-youth-incubator\/#primaryimage\"},\"thumbnailUrl\":\"https:\/\/www.enabel.be\/app\/uploads\/2026\/02\/Stefan-Goethaert-Jean-Van-Wetter_RET.jpg\",\"articleSection\":[\"Actualit\u00e9s\"],\"inLanguage\":\"fr-FR\"},{\"@type\":\"WebPage\",\"@id\":\"https:\/\/www.enabel.be\/fr\/colruyt-group-foundation-et-enabel-lancent-le-youth-incubator\/\",\"url\":\"https:\/\/www.enabel.be\/fr\/colruyt-group-foundation-et-enabel-lancent-le-youth-incubator\/\",\"name\":\"Colruyt Group Foundation et Enabel lancent le Youth Incubator - Enabel - Agence belge de coop\u00e9ration internationale\",\"isPartOf\":{\"@id\":\"https:\/\/www.enabel.be\/fr\/#website\"},\"primaryImageOfPage\":{\"@id\":\"https:\/\/www.enabel.be\/fr\/colruyt-group-foundation-et-enabel-lancent-le-youth-incubator\/#primaryimage\"},\"image\":{\"@id\":\"https:\/\/www.enabel.be\/fr\/colruyt-group-foundation-et-enabel-lancent-le-youth-incubator\/#primaryimage\"},\"thumbnailUrl\":\"https:\/\/www.enabel.be\/app\/uploads\/2026\/02\/Stefan-Goethaert-Jean-Van-Wetter_RET.jpg\",\"datePublished\":\"2026-02-06T09:47:44+00:00\",\"dateModified\":\"2026-02-27T09:18:57+00:00\",\"description\":\"Youth Incubator : Colruyt Group Foundation et Enabel soutiennent les jeunes de 18 \u00e0 35 ans dans des projets de coop\u00e9ration internationale.\",\"breadcrumb\":{\"@id\":\"https:\/\/www.enabel.be\/fr\/colruyt-group-foundation-et-enabel-lancent-le-youth-incubator\/#breadcrumb\"},\"inLanguage\":\"fr-FR\",\"potentialAction\":[{\"@type\":\"ReadAction\",\"target\":[\"https:\/\/www.enabel.be\/fr\/colruyt-group-foundation-et-enabel-lancent-le-youth-incubator\/\"]}]},{\"@type\":\"ImageObject\",\"inLanguage\":\"fr-FR\",\"@id\":\"https:\/\/www.enabel.be\/fr\/colruyt-group-foundation-et-enabel-lancent-le-youth-incubator\/#primaryimage\",\"url\":\"https:\/\/www.enabel.be\/app\/uploads\/2026\/02\/Stefan-Goethaert-Jean-Van-Wetter_RET.jpg\",\"contentUrl\":\"https:\/\/www.enabel.be\/app\/uploads\/2026\/02\/Stefan-Goethaert-Jean-Van-Wetter_RET.jpg\",\"width\":1920,\"height\":1080,\"caption\":\"stefan goethaert and jean van wetter sitting at a table\"},{\"@type\":\"BreadcrumbList\",\"@id\":\"https:\/\/www.enabel.be\/fr\/colruyt-group-foundation-et-enabel-lancent-le-youth-incubator\/#breadcrumb\",\"itemListElement\":[{\"@type\":\"ListItem\",\"position\":1,\"name\":\"Home\",\"item\":\"https:\/\/www.enabel.be\/fr\/\"},{\"@type\":\"ListItem\",\"position\":2,\"name\":\"Colruyt Group Foundation et Enabel lancent le Youth Incubator\"}]},{\"@type\":\"WebSite\",\"@id\":\"https:\/\/www.enabel.be\/fr\/#website\",\"url\":\"https:\/\/www.enabel.be\/fr\/\",\"name\":\"Enabel - Agence belge de coop\u00e9ration internationale\",\"description\":\"Enabling Change\",\"publisher\":{\"@id\":\"https:\/\/www.enabel.be\/fr\/#organization\"},\"potentialAction\":[{\"@type\":\"SearchAction\",\"target\":{\"@type\":\"EntryPoint\",\"urlTemplate\":\"https:\/\/www.enabel.be\/fr\/?s={search_term_string}\"},\"query-input\":{\"@type\":\"PropertyValueSpecification\",\"valueRequired\":true,\"valueName\":\"search_term_string\"}}],\"inLanguage\":\"fr-FR\"},{\"@type\":\"Organization\",\"@id\":\"https:\/\/www.enabel.be\/fr\/#organization\",\"name\":\"Enabel - Agence belge de coop\u00e9ration internationale\",\"url\":\"https:\/\/www.enabel.be\/fr\/\",\"logo\":{\"@type\":\"ImageObject\",\"inLanguage\":\"fr-FR\",\"@id\":\"https:\/\/www.enabel.be\/fr\/#\/schema\/logo\/image\/\",\"url\":\"https:\/\/www.enabel.be\/app\/uploads\/2022\/06\/enabel-logo-color.svg\",\"contentUrl\":\"https:\/\/www.enabel.be\/app\/uploads\/2022\/06\/enabel-logo-color.svg\",\"width\":103,\"height\":35,\"caption\":\"Enabel - Agence belge de coop\u00e9ration internationale\"},\"image\":{\"@id\":\"https:\/\/www.enabel.be\/fr\/#\/schema\/logo\/image\/\"},\"sameAs\":[\"https:\/\/www.facebook.com\/EnabelBelgium\/\",\"https:\/\/x.com\/Enabel_Belgium\",\"https:\/\/www.instagram.com\/enabel_be\/\",\"https:\/\/www.linkedin.com\/company\/enabel\/\",\"https:\/\/www.youtube.com\/channel\/UCHGr3iOQ9n2jORzgtkv5FyQ\"]},{\"@type\":\"Person\",\"@id\":\"https:\/\/www.enabel.be\/fr\/#\/schema\/person\/597df7163be49a3ab375ecde2ec071e8\",\"name\":\"Blanche\"}]}<\/script>\n<!-- \/ Yoast SEO plugin. -->","yoast_head_json":{"title":"Colruyt Group Foundation et Enabel lancent le Youth Incubator - Enabel - Agence belge de coop\u00e9ration internationale","description":"Youth Incubator : Colruyt Group Foundation et Enabel soutiennent les jeunes de 18 \u00e0 35 ans dans des projets de coop\u00e9ration internationale.","robots":{"index":"index","follow":"follow","max-snippet":"max-snippet:-1","max-image-preview":"max-image-preview:large","max-video-preview":"max-video-preview:-1"},"canonical":"https:\/\/www.enabel.be\/fr\/colruyt-group-foundation-et-enabel-lancent-le-youth-incubator\/","og_locale":"fr_FR","og_type":"article","og_title":"Colruyt Group Foundation et Enabel lancent le Youth Incubator - Enabel - Agence belge de coop\u00e9ration internationale","og_description":"Youth Incubator : Colruyt Group Foundation et Enabel soutiennent les jeunes de 18 \u00e0 35 ans dans des projets de coop\u00e9ration internationale.","og_url":"https:\/\/www.enabel.be\/fr\/colruyt-group-foundation-et-enabel-lancent-le-youth-incubator\/","og_site_name":"Enabel - Agence belge de coop\u00e9ration internationale","article_publisher":"https:\/\/www.facebook.com\/EnabelBelgium\/","article_published_time":"2026-02-06T09:47:44+00:00","article_modified_time":"2026-02-27T09:18:57+00:00","og_image":[{"width":1920,"height":1080,"url":"https:\/\/www.enabel.be\/app\/uploads\/2026\/02\/Stefan-Goethaert-Jean-Van-Wetter_RET.jpg","type":"image\/jpeg"}],"author":"Blanche","twitter_card":"summary_large_image","twitter_creator":"@Enabel_Belgium","twitter_site":"@Enabel_Belgium","twitter_misc":{"Written by":"Blanche","Est. reading time":"4 minutes"},"schema":{"@context":"https:\/\/schema.org","@graph":[{"@type":"Article","@id":"https:\/\/www.enabel.be\/fr\/colruyt-group-foundation-et-enabel-lancent-le-youth-incubator\/#article","isPartOf":{"@id":"https:\/\/www.enabel.be\/fr\/colruyt-group-foundation-et-enabel-lancent-le-youth-incubator\/"},"author":{"name":"Blanche","@id":"https:\/\/www.enabel.be\/fr\/#\/schema\/person\/597df7163be49a3ab375ecde2ec071e8"},"headline":"Colruyt Group Foundation et Enabel lancent le Youth Incubator","datePublished":"2026-02-06T09:47:44+00:00","dateModified":"2026-02-27T09:18:57+00:00","mainEntityOfPage":{"@id":"https:\/\/www.enabel.be\/fr\/colruyt-group-foundation-et-enabel-lancent-le-youth-incubator\/"},"wordCount":9,"publisher":{"@id":"https:\/\/www.enabel.be\/fr\/#organization"},"image":{"@id":"https:\/\/www.enabel.be\/fr\/colruyt-group-foundation-et-enabel-lancent-le-youth-incubator\/#primaryimage"},"thumbnailUrl":"https:\/\/www.enabel.be\/app\/uploads\/2026\/02\/Stefan-Goethaert-Jean-Van-Wetter_RET.jpg","articleSection":["Actualit\u00e9s"],"inLanguage":"fr-FR"},{"@type":"WebPage","@id":"https:\/\/www.enabel.be\/fr\/colruyt-group-foundation-et-enabel-lancent-le-youth-incubator\/","url":"https:\/\/www.enabel.be\/fr\/colruyt-group-foundation-et-enabel-lancent-le-youth-incubator\/","name":"Colruyt Group Foundation et Enabel lancent le Youth Incubator - Enabel - Agence belge de coop\u00e9ration internationale","isPartOf":{"@id":"https:\/\/www.enabel.be\/fr\/#website"},"primaryImageOfPage":{"@id":"https:\/\/www.enabel.be\/fr\/colruyt-group-foundation-et-enabel-lancent-le-youth-incubator\/#primaryimage"},"image":{"@id":"https:\/\/www.enabel.be\/fr\/colruyt-group-foundation-et-enabel-lancent-le-youth-incubator\/#primaryimage"},"thumbnailUrl":"https:\/\/www.enabel.be\/app\/uploads\/2026\/02\/Stefan-Goethaert-Jean-Van-Wetter_RET.jpg","datePublished":"2026-02-06T09:47:44+00:00","dateModified":"2026-02-27T09:18:57+00:00","description":"Youth Incubator : Colruyt Group Foundation et Enabel soutiennent les jeunes de 18 \u00e0 35 ans dans des projets de coop\u00e9ration internationale.","breadcrumb":{"@id":"https:\/\/www.enabel.be\/fr\/colruyt-group-foundation-et-enabel-lancent-le-youth-incubator\/#breadcrumb"},"inLanguage":"fr-FR","potentialAction":[{"@type":"ReadAction","target":["https:\/\/www.enabel.be\/fr\/colruyt-group-foundation-et-enabel-lancent-le-youth-incubator\/"]}]},{"@type":"ImageObject","inLanguage":"fr-FR","@id":"https:\/\/www.enabel.be\/fr\/colruyt-group-foundation-et-enabel-lancent-le-youth-incubator\/#primaryimage","url":"https:\/\/www.enabel.be\/app\/uploads\/2026\/02\/Stefan-Goethaert-Jean-Van-Wetter_RET.jpg","contentUrl":"https:\/\/www.enabel.be\/app\/uploads\/2026\/02\/Stefan-Goethaert-Jean-Van-Wetter_RET.jpg","width":1920,"height":1080,"caption":"stefan goethaert and jean van wetter sitting at a table"},{"@type":"BreadcrumbList","@id":"https:\/\/www.enabel.be\/fr\/colruyt-group-foundation-et-enabel-lancent-le-youth-incubator\/#breadcrumb","itemListElement":[{"@type":"ListItem","position":1,"name":"Home","item":"https:\/\/www.enabel.be\/fr\/"},{"@type":"ListItem","position":2,"name":"Colruyt Group Foundation et Enabel lancent le Youth Incubator"}]},{"@type":"WebSite","@id":"https:\/\/www.enabel.be\/fr\/#website","url":"https:\/\/www.enabel.be\/fr\/","name":"Enabel - Agence belge de coop\u00e9ration internationale","description":"Enabling Change","publisher":{"@id":"https:\/\/www.enabel.be\/fr\/#organization"},"potentialAction":[{"@type":"SearchAction","target":{"@type":"EntryPoint","urlTemplate":"https:\/\/www.enabel.be\/fr\/?s={search_term_string}"},"query-input":{"@type":"PropertyValueSpecification","valueRequired":true,"valueName":"search_term_string"}}],"inLanguage":"fr-FR"},{"@type":"Organization","@id":"https:\/\/www.enabel.be\/fr\/#organization","name":"Enabel - Agence belge de coop\u00e9ration internationale","url":"https:\/\/www.enabel.be\/fr\/","logo":{"@type":"ImageObject","inLanguage":"fr-FR","@id":"https:\/\/www.enabel.be\/fr\/#\/schema\/logo\/image\/","url":"https:\/\/www.enabel.be\/app\/uploads\/2022\/06\/enabel-logo-color.svg","contentUrl":"https:\/\/www.enabel.be\/app\/uploads\/2022\/06\/enabel-logo-color.svg","width":103,"height":35,"caption":"Enabel - Agence belge de coop\u00e9ration internationale"},"image":{"@id":"https:\/\/www.enabel.be\/fr\/#\/schema\/logo\/image\/"},"sameAs":["https:\/\/www.facebook.com\/EnabelBelgium\/","https:\/\/x.com\/Enabel_Belgium","https:\/\/www.instagram.com\/enabel_be\/","https:\/\/www.linkedin.com\/company\/enabel\/","https:\/\/www.youtube.com\/channel\/UCHGr3iOQ9n2jORzgtkv5FyQ"]},{"@type":"Person","@id":"https:\/\/www.enabel.be\/fr\/#\/schema\/person\/597df7163be49a3ab375ecde2ec071e8","name":"Blanche"}]}},"acf":[],"_links":{"self":[{"href":"https:\/\/www.enabel.be\/fr\/wp-json\/wp\/v2\/posts\/65749","targetHints":{"allow":["GET"]}}],"collection":[{"href":"https:\/\/www.enabel.be\/fr\/wp-json\/wp\/v2\/posts"}],"about":[{"href":"https:\/\/www.enabel.be\/fr\/wp-json\/wp\/v2\/types\/post"}],"author":[{"embeddable":true,"href":"https:\/\/www.enabel.be\/fr\/wp-json\/wp\/v2\/users\/3"}],"replies":[{"embeddable":true,"href":"https:\/\/www.enabel.be\/fr\/wp-json\/wp\/v2\/comments?post=65749"}],"version-history":[{"count":6,"href":"https:\/\/www.enabel.be\/fr\/wp-json\/wp\/v2\/posts\/65749\/revisions"}],"predecessor-version":[{"id":65800,"href":"https:\/\/www.enabel.be\/fr\/wp-json\/wp\/v2\/posts\/65749\/revisions\/65800"}],"wp:featuredmedia":[{"embeddable":true,"href":"https:\/\/www.enabel.be\/fr\/wp-json\/wp\/v2\/media\/66601"}],"wp:attachment":[{"href":"https:\/\/www.enabel.be\/fr\/wp-json\/wp\/v2\/media?parent=65749"}],"wp:term":[{"taxonomy":"category","embeddable":true,"href":"https:\/\/www.enabel.be\/fr\/wp-json\/wp\/v2\/categories?post=65749"},{"taxonomy":"post_tag","embeddable":true,"href":"https:\/\/www.enabel.be\/fr\/wp-json\/wp\/v2\/tags?post=65749"},{"taxonomy":"classifications","embeddable":true,"href":"https:\/\/www.enabel.be\/fr\/wp-json\/wp\/v2\/classifications?post=65749"}],"curies":[{"name":"wp","href":"https:\/\/api.w.org\/{rel}","templated":true}]}}