{"id":66361,"date":"2026-02-20T10:07:12","date_gmt":"2026-02-20T10:07:12","guid":{"rendered":"https:\/\/www.enabel.be\/?p=66361"},"modified":"2026-02-19T14:55:23","modified_gmt":"2026-02-19T14:55:23","slug":"choisir-le-programme-junior-cest-choisir-linconnu","status":"publish","type":"post","link":"https:\/\/www.enabel.be\/fr\/choisir-le-programme-junior-cest-choisir-linconnu\/","title":{"rendered":"\u00ab Choisir le Programme Junior, c&rsquo;est choisir l&rsquo;inconnu \u00bb"},"content":{"rendered":"<header class=\"header--news pt-10 lg:pt-40 pb-16 relative \">\n    <div class=\"z-10 container grid grid-cols-12\">\n        <div class=\"group group-h5:bg-primary-500 col-span-12 md:col-span-10 col-padding col-start-1 md:col-start-2 text-center\">\n                            <p>Actualit\u00e9s<\/p>\n                                        <p>20 f\u00e9vrier 2026<\/p>\n                                        <h1>\u00ab Choisir le Programme Junior, c&rsquo;est choisir l&rsquo;inconnu \u00bb<\/h1>\n                                        <p class=\"h4 mb-10\">Entretien avec Apolline Majerus &#8211; Experte Junior en Guin\u00e9e pour Trias<\/p>\n            \n            <img decoding=\"async\" width=\"1900\" height=\"1200\" src=\"https:\/\/www.enabel.be\/app\/uploads\/2026\/02\/Template-visual-website-main-picture-1.jpg\" class=\"mt-20 w-full h-auto max-h-[600px] object-cover object-center rounded-lg wp-post-image\" alt=\"Picture of women looking into review mirror of a car\" srcset=\"https:\/\/www.enabel.be\/app\/uploads\/2026\/02\/Template-visual-website-main-picture-1.jpg 1900w, https:\/\/www.enabel.be\/app\/uploads\/2026\/02\/Template-visual-website-main-picture-1-300x189.jpg 300w, https:\/\/www.enabel.be\/app\/uploads\/2026\/02\/Template-visual-website-main-picture-1-1024x647.jpg 1024w, https:\/\/www.enabel.be\/app\/uploads\/2026\/02\/Template-visual-website-main-picture-1-768x485.jpg 768w, https:\/\/www.enabel.be\/app\/uploads\/2026\/02\/Template-visual-website-main-picture-1-1536x970.jpg 1536w\" sizes=\"(max-width: 1900px) 100vw, 1900px\" \/>\n        <\/div>\n    <\/div>\n<\/header>\n\n<section class=\"section--article-content\">\n    <div class=\"container grid grid-cols-12\">\n        <div class=\"col-span-12 col-start-1 md:col-span-8 md:col-start-3\">\n            <h3 style=\"text-align: center;\"><span class=\"text-primary-500\">Depuis octobre 2024, Apolline travaille comme responsable de la communication pour Trias en Guin\u00e9e. Elle a \u00e9tudi\u00e9 le journalisme et les sciences politiques et avec une sp\u00e9cialisation en relations internationales. Apr\u00e8s plusieurs stages, son emploi dans le cadre du Programme Junior a \u00e9t\u00e9 sa premi\u00e8re v\u00e9ritable exp\u00e9rience professionnelle. \u00ab Je n&rsquo;avais jamais eu de contrat, mais j&rsquo;avais effectu\u00e9 plusieurs stages dans diff\u00e9rents endroits. Pour moi, c&rsquo;\u00e9tait donc une occasion en or que je voulais saisir \u00e0 deux mains. \u00bb<\/span><\/h3>\n<p>&nbsp;<\/p>\n<p>Pour Apolline, l\u2019exp\u00e9rience avec le Programme Junior \u00e9tait exactement ce qu&rsquo;elle recherchait : \u00ab Je voulais acqu\u00e9rir une exp\u00e9rience professionnelle dans le domaine de la communication \u00e0 l&rsquo;\u00e9tranger, de pr\u00e9f\u00e9rence en Afrique de l&rsquo;Ouest, mais je ne connaissais pas grand-chose de la Guin\u00e9e. Quand j&rsquo;ai appris que j&rsquo;allais vivre et travailler \u00e0 Kindia, une ville secondaire d&rsquo;environ 150 000 habitants, mais avec beaucoup moins d&rsquo;activit\u00e9s que ce que je connais en Belgique et o\u00f9 vivent peu d&rsquo;expatri\u00e9s, j&rsquo;ai trouv\u00e9 cela assez excitant de partir. Comme je m&rsquo;engageais pour deux ans, c&rsquo;\u00e9tait vraiment un grand saut dans l&rsquo;inconnu.<\/p>\n<p>\u00c0 son arriv\u00e9e en Guin\u00e9e, Apolline atterrit en soir\u00e9e dans la capitale Conakry, une ville anim\u00e9e et chaotique. Apr\u00e8s quelques jours intenses consacr\u00e9s \u00e0 toute une s\u00e9rie de rendez-vous et de rencontres avec Enabel et l&rsquo;ambassade belge, elle poursuit son voyage vers Kindia. \u00ab Ce fut une bouff\u00e9e d&rsquo;air, la ville est entour\u00e9e de collines verdoyantes, l&rsquo;atmosph\u00e8re est totalement diff\u00e9rente de celle de Conakry \u00bb.<\/p>\n<p>Et bien que le cadre verdoyant ait un effet apaisant sur Apolline, il lui faut tout de m\u00eame un certain temps pour s&rsquo;habituer. \u00ab Les infrastructures de la ville ne sont pas optimales, il faut adapter sa liste de courses \u00e0 ce qui est disponible localement et j&rsquo;ai rapidement compris que j&rsquo;allais passer beaucoup de temps seule. Mais heureusement, il y a les coll\u00e8gues de Trias \u00bb, dit-elle en souriant, \u00ab Ils et elles m&rsquo;ont aid\u00e9e \u00e0 m&rsquo;installer : les coll\u00e8gues m&rsquo;ont montr\u00e9 le march\u00e9, m&rsquo;ont expliqu\u00e9 comment les choses fonctionnent ici et m&rsquo;ont familiaris\u00e9e avec mon nouvel environnement. J\u2019\u00e9tais \u00e9galement invit\u00e9e \u00e0 leurs f\u00eates, mariages et sorties. C&rsquo;est ainsi que j&rsquo;ai rencontr\u00e9 d&rsquo;autres personnes. J&rsquo;ai donc tr\u00e8s vite appris \u00e0 me d\u00e9brouiller seule et \u00e0 \u00eatre autonome dans mon nouvel environnement de vie. \u00bb<\/p>\n<p>&nbsp;<\/p>\n\n        <\/div>\n    <\/div>\n<\/section>\n\n\n\n<div style=\"height:45px\" aria-hidden=\"true\" class=\"wp-block-spacer\"><\/div>\n\n\n\n<figure class=\"wp-block-image aligncenter size-full is-resized\"><img decoding=\"async\" width=\"5184\" height=\"3456\" src=\"https:\/\/www.enabel.be\/app\/uploads\/2026\/02\/formation-com.jpg\" alt=\"4 people showing a training certificate.\" class=\"wp-image-66057\" style=\"width:736px;height:auto\" srcset=\"https:\/\/www.enabel.be\/app\/uploads\/2026\/02\/formation-com.jpg 5184w, https:\/\/www.enabel.be\/app\/uploads\/2026\/02\/formation-com-300x200.jpg 300w, https:\/\/www.enabel.be\/app\/uploads\/2026\/02\/formation-com-1024x683.jpg 1024w, https:\/\/www.enabel.be\/app\/uploads\/2026\/02\/formation-com-768x512.jpg 768w, https:\/\/www.enabel.be\/app\/uploads\/2026\/02\/formation-com-1536x1024.jpg 1536w, https:\/\/www.enabel.be\/app\/uploads\/2026\/02\/formation-com-2048x1365.jpg 2048w\" sizes=\"(max-width: 5184px) 100vw, 5184px\" \/><figcaption class=\"wp-element-caption\">Apolline apr\u00e8s avoir donn\u00e9 une formation en communication.<\/figcaption><\/figure>\n\n\n<section class=\"section--article-content\">\n    <div class=\"container grid grid-cols-12\">\n        <div class=\"col-span-12 col-start-1 md:col-span-8 md:col-start-3\">\n            <h4><\/h4>\n<h4><span class=\"text-primary-500\">Un nouveau r\u00e9seau social<\/span><\/h4>\n<p>Au d\u00e9but, sortir de l&rsquo;isolement et \u00eatre l&rsquo;une des rares personnes blanches de la ville a \u00e9t\u00e9 un v\u00e9ritable d\u00e9fi, mais Apolline reconna\u00eet aujourd&rsquo;hui que cela a \u00e9t\u00e9 une valeur ajout\u00e9e : \u00ab J&rsquo;ai \u00e9t\u00e9 oblig\u00e9e de sortir de ma zone de confort et d&rsquo;aller vers mes voisins. J&rsquo;ai ainsi d\u00e9couvert que les contacts sont tr\u00e8s spontan\u00e9s, que tout le monde se salue dans la rue et qu&rsquo;on discute beaucoup plus facilement avec les voisins, ce qui est tr\u00e8s diff\u00e9rent de Bruxelles par exemple, o\u00f9 j\u2019ai \u00e9tudi\u00e9e.<\/p>\n<p>Mais en tant que jeune femme blanche, tu ne passes pas inaper\u00e7ue. C&rsquo;est parfois un peu emb\u00eatant, mais la plupart du temps, c&rsquo;est juste des salutations bien intentionn\u00e9es, et on s&rsquo;y habitue \u00bb, dit-elle en souriant. Elle donne l&rsquo;exemple des femmes du march\u00e9 qui lui offrent des fruits gratuits pour \u00ab la Blanche qui vit ici \u00bb. Pour elle, c&rsquo;est un signe qu&rsquo;elle a \u00e9t\u00e9 accept\u00e9e dans la communaut\u00e9.<\/p>\n<p>Petit \u00e0 petit, elle rencontre \u00e9galement d&rsquo;autres jeunes gr\u00e2ce \u00e0 son travail et dans son quartier, et de belles amiti\u00e9s se nouent. \u00ab Les codes sociaux sont diff\u00e9rents, cela n&rsquo;a donc pas \u00e9t\u00e9 facile. Mais cette cordialit\u00e9 est r\u00e9confortante et mes soir\u00e9es sont remplies de moments agr\u00e9ables pass\u00e9s ensemble, \u00e0 danser et \u00e0 discuter.\u201d<\/p>\n<p>&nbsp;<\/p>\n\n        <\/div>\n    <\/div>\n<\/section>\n\n\n\n<figure class=\"wp-block-image aligncenter size-full is-resized\"><img decoding=\"async\" width=\"5184\" height=\"3456\" src=\"https:\/\/www.enabel.be\/app\/uploads\/2026\/02\/IMG_2258.jpg\" alt=\"\" class=\"wp-image-66060\" style=\"width:736px;height:auto\" srcset=\"https:\/\/www.enabel.be\/app\/uploads\/2026\/02\/IMG_2258.jpg 5184w, https:\/\/www.enabel.be\/app\/uploads\/2026\/02\/IMG_2258-300x200.jpg 300w, https:\/\/www.enabel.be\/app\/uploads\/2026\/02\/IMG_2258-1024x683.jpg 1024w, https:\/\/www.enabel.be\/app\/uploads\/2026\/02\/IMG_2258-768x512.jpg 768w, https:\/\/www.enabel.be\/app\/uploads\/2026\/02\/IMG_2258-1536x1024.jpg 1536w, https:\/\/www.enabel.be\/app\/uploads\/2026\/02\/IMG_2258-2048x1365.jpg 2048w\" sizes=\"(max-width: 5184px) 100vw, 5184px\" \/><figcaption class=\"wp-element-caption\">Apolline pendant une visite chez des partenaires o\u00f9 elle a recueilli des t\u00e9moignages.<\/figcaption><\/figure>\n\n\n<section class=\"section--article-content\">\n    <div class=\"container grid grid-cols-12\">\n        <div class=\"col-span-12 col-start-1 md:col-span-8 md:col-start-3\">\n            <p>&nbsp;<\/p>\n<h4><span class=\"text-primary-500\">Les personnes derri\u00e8re les projets<\/span><\/h4>\n<p>En tant que responsable de la communication chez Trias, Apolline doit d\u00e9velopper une strat\u00e9gie de communication pour l&rsquo;ONG, dans le but de donner plus de visibilit\u00e9 au travail de Trias et de ses partenaires. \u00ab Comme il n\u2019y avait rien de concret encore vraiment, j&rsquo;ai eu beaucoup de libert\u00e9 pour tracer la voie \u00e0 suivre, proposer des id\u00e9es et les tester. Mon objectif est de faire conna\u00eetre les projets et les r\u00e9sultats, de d\u00e9velopper du mat\u00e9riel visuel, de mener des interviews et de d\u00e9crire le v\u00e9cu des gens.<\/p>\n<p>Cela a permis \u00e0 Apolline de voyager beaucoup au cours de l&rsquo;ann\u00e9e \u00e9coul\u00e9e pour se rendre sur les diff\u00e9rents projets et rencontrer des groupements de femmes et des coop\u00e9ratives agricoles. \u00ab C&rsquo;est ce que je pr\u00e9f\u00e8re : aller sur le terrain. J&rsquo;appr\u00e9cie ces journ\u00e9es o\u00f9 je discute avec des femmes qui transforment des produits agricoles ou avec de jeunes entrepreneurs et agriculteurs qui cr\u00e9ent leur propre entreprise. Derri\u00e8re tous ces projets se cachent des personnes aux parcours incroyables. Mon r\u00f4le est de faire entendre leur voix. \u00bb<\/p>\n<p>Pour Apolline, ces d\u00e9placements et ces rencontres sont \u00e9galement une le\u00e7on d&rsquo;humilit\u00e9 : \u201cOn arrive avec ses grandes id\u00e9es, mais quand on voit la r\u00e9alit\u00e9, on comprend vite qu&rsquo;on n&rsquo;a pas toutes les r\u00e9ponses. Il faut d&rsquo;abord \u00e9couter avant de faire des propositions. \u00bb<\/p>\n<p>&nbsp;<\/p>\n\n        <\/div>\n    <\/div>\n<\/section>\n\n\n\n<figure class=\"wp-block-image aligncenter size-full is-resized\"><img decoding=\"async\" width=\"2560\" height=\"1920\" src=\"https:\/\/www.enabel.be\/app\/uploads\/2026\/02\/visite-terrain-projet-swedd-GN.jpg\" alt=\"Woman and man smiling.\" class=\"wp-image-66069\" style=\"width:736px\" srcset=\"https:\/\/www.enabel.be\/app\/uploads\/2026\/02\/visite-terrain-projet-swedd-GN.jpg 2560w, https:\/\/www.enabel.be\/app\/uploads\/2026\/02\/visite-terrain-projet-swedd-GN-300x225.jpg 300w, https:\/\/www.enabel.be\/app\/uploads\/2026\/02\/visite-terrain-projet-swedd-GN-1024x768.jpg 1024w, https:\/\/www.enabel.be\/app\/uploads\/2026\/02\/visite-terrain-projet-swedd-GN-768x576.jpg 768w, https:\/\/www.enabel.be\/app\/uploads\/2026\/02\/visite-terrain-projet-swedd-GN-1536x1152.jpg 1536w, https:\/\/www.enabel.be\/app\/uploads\/2026\/02\/visite-terrain-projet-swedd-GN-2048x1536.jpg 2048w\" sizes=\"(max-width: 2560px) 100vw, 2560px\" \/><figcaption class=\"wp-element-caption\">Pendant un \u00e9change avec des partenaires de Trias.<\/figcaption><\/figure>\n\n\n<section class=\"section--article-content\">\n    <div class=\"container grid grid-cols-12\">\n        <div class=\"col-span-12 col-start-1 md:col-span-8 md:col-start-3\">\n            <p>&nbsp;<\/p>\n<h4><\/h4>\n<h4><span class=\"text-primary-500\">Le d\u00e9fi linguistique<\/span><\/h4>\n<p>La diversit\u00e9 linguistique du pays constitue un d\u00e9fi majeur. Bien que le fran\u00e7ais soit la langue de travail officielle, ce n&rsquo;est pas toujours la langue la mieux ma\u00eetris\u00e9e dans la pratique. \u00ab De nombreux producteurs parlaient principalement le soussou, le pular ou le malink\u00e9. Je ne ma\u00eetrisais pas ces langues, j&rsquo;\u00e9tais donc tr\u00e8s d\u00e9pendante de mes coll\u00e8gues pour traduire. Je posais une question en fran\u00e7ais, mon coll\u00e8gue traduisait, la personne donnait une longue r\u00e9ponse en soussou&#8230; et j&rsquo;obtenais une traduction tr\u00e8s succincte en retour. J&rsquo;avais toujours peur de passer \u00e0 c\u00f4t\u00e9 de d\u00e9tails importants. \u00bb<\/p>\n<p>Au fil du temps, Apolline s&rsquo;est adapt\u00e9e, a appris quelques mots de base et a surtout d\u00e9velopp\u00e9 une attitude d&rsquo;\u00e9coute : \u00ab J&rsquo;ai compris qu&rsquo;il fallait prendre le temps: laisser les personnes s&rsquo;exprimer dans leur propre langue, c\u2019est une marque de respect. Ensuite, assurer une traduction soign\u00e9e en aval et bien briefer les traducteurs, ce qui contribue \u00e9galement \u00e0 une meilleure compr\u00e9hension. Au final cela nous permet d&rsquo;obtenir de meilleures informations, plus riches et plus pertinentes. \u00bb<\/p>\n<p>&nbsp;<\/p>\n\n        <\/div>\n    <\/div>\n<\/section>\n\n\n\n<figure class=\"wp-block-image aligncenter size-full is-resized\"><img decoding=\"async\" width=\"3456\" height=\"3456\" src=\"https:\/\/www.enabel.be\/app\/uploads\/2026\/02\/formation-com-bk-edited.jpg\" alt=\"Group picture of Trias team in Kindia\" class=\"wp-image-66078\" style=\"width:736px\" srcset=\"https:\/\/www.enabel.be\/app\/uploads\/2026\/02\/formation-com-bk-edited.jpg 3456w, https:\/\/www.enabel.be\/app\/uploads\/2026\/02\/formation-com-bk-edited-300x300.jpg 300w, https:\/\/www.enabel.be\/app\/uploads\/2026\/02\/formation-com-bk-edited-1024x1024.jpg 1024w, https:\/\/www.enabel.be\/app\/uploads\/2026\/02\/formation-com-bk-edited-150x150.jpg 150w, https:\/\/www.enabel.be\/app\/uploads\/2026\/02\/formation-com-bk-edited-768x768.jpg 768w, https:\/\/www.enabel.be\/app\/uploads\/2026\/02\/formation-com-bk-edited-1536x1536.jpg 1536w, https:\/\/www.enabel.be\/app\/uploads\/2026\/02\/formation-com-bk-edited-2048x2048.jpg 2048w, https:\/\/www.enabel.be\/app\/uploads\/2026\/02\/formation-com-bk-edited-400x400.jpg 400w, https:\/\/www.enabel.be\/app\/uploads\/2026\/02\/formation-com-bk-edited-600x600.jpg 600w\" sizes=\"(max-width: 3456px) 100vw, 3456px\" \/><figcaption class=\"wp-element-caption\">Apolline avec des coll\u00e8gues et des partenaires pendant un voyage de travail au Burkina Faso.<\/figcaption><\/figure>\n\n\n<section class=\"section--article-content\">\n    <div class=\"container grid grid-cols-12\">\n        <div class=\"col-span-12 col-start-1 md:col-span-8 md:col-start-3\">\n            <p>&nbsp;<\/p>\n<h4><span class=\"text-primary-500\">Voir les choses dans une autre perspective<\/span><\/h4>\n<p>Apolline porte un regard tr\u00e8s positif sur son s\u00e9jour \u00e0 Kindia. Le rythme quotidien est dict\u00e9 par les coupures d&rsquo;\u00e9lectricit\u00e9 ou la n\u00e9cessit\u00e9 d&rsquo;aller remplir ses bidons chez les voisins. Au d\u00e9but, cela peut \u00eatre difficile \u00e0 accepter, mais on s&rsquo;y habitue. Cela apprend \u00e0 relativiser les choses, \u00e0 les remettre en perspective.<\/p>\n<p>\u00ab Ce qui semblait impossible les premi\u00e8res semaines devient tout \u00e0 fait normal au bout de quelques mois. On ne voit plus les choses de la m\u00eame mani\u00e8re. Les probl\u00e8mes quotidiens en Europe me semblent parfois d\u00e9risoires maintenant. Et on se sent aussi plus concern\u00e9 par ce qui se passe ailleurs dans le monde. \u00bb<\/p>\n<p>Apr\u00e8s seulement un an, Apolline se sent chang\u00e9e, non seulement en tant que professionnelle, mais aussi en tant que personne. \u00ab Je me sens plus ouverte et tol\u00e9rante, plus patiente et plus consciente de mes privil\u00e8ges. Et j&rsquo;ai surtout compris que dans la coop\u00e9ration internationale, ce ne sont pas votre CV ou vos id\u00e9es qui comptent le plus, mais votre capacit\u00e9 \u00e0 \u00e9couter, \u00e0 inspirer confiance et \u00e0 travailler avec les autres. \u00bb<\/p>\n\n        <\/div>\n    <\/div>\n<\/section>\n\n\n\n<div style=\"height:33px\" aria-hidden=\"true\" class=\"wp-block-spacer\"><\/div>\n\n\n\n<div style=\"height:29px\" aria-hidden=\"true\" class=\"wp-block-spacer\"><\/div>\n\n\n<section class=\"section--article-button\">\n    <div class=\"container flex justify-center\">\n                    <a href=\"https:\/\/www.enabel.be\/fr\/temoignages-dexpert-es-junior-es\/\" class=\"btn-primary card--animation\" target=\"blank\">\n\t\t<span>Lisez plus de t\u00e9moignages<\/span>\n\t<\/a>\n            <\/div>\n<\/section>\n\n\n<p><\/p>\n","protected":false},"excerpt":{"rendered":"","protected":false},"author":264,"featured_media":66077,"comment_status":"closed","ping_status":"closed","sticky":false,"template":"","format":"standard","meta":{"_acf_changed":false,"inline_featured_image":false,"footnotes":""},"categories":[15],"tags":[],"classifications":[155],"class_list":["post-66361","post","type-post","status-publish","format-standard","has-post-thumbnail","hentry","category-actualites","classifications-junior-stories"],"yoast_head":"<!-- This site is optimized with the Yoast SEO plugin v25.9 - https:\/\/yoast.com\/wordpress\/plugins\/seo\/ -->\n<title>\u00ab Choisir le Programme Junior, c&#039;est choisir l&#039;inconnu \u00bb - Enabel - Agence belge de coop\u00e9ration internationale<\/title>\n<meta name=\"description\" content=\"Apolline travaille pour Trias en Guin\u00e9e en tant qu&#039;Experte Junior : \u00ab Ce n&#039;est pas ton CV qui compte le plus, mais ta capacit\u00e9 \u00e0 \u00e9couter. \u00bb\" \/>\n<meta name=\"robots\" content=\"index, follow, max-snippet:-1, max-image-preview:large, max-video-preview:-1\" \/>\n<link rel=\"canonical\" href=\"https:\/\/www.enabel.be\/fr\/choisir-le-programme-junior-cest-choisir-linconnu\/\" \/>\n<meta property=\"og:locale\" content=\"fr_FR\" \/>\n<meta property=\"og:type\" content=\"article\" \/>\n<meta property=\"og:title\" content=\"\u00ab Choisir le Programme Junior, c&#039;est choisir l&#039;inconnu \u00bb - Enabel - Agence belge de coop\u00e9ration internationale\" \/>\n<meta property=\"og:description\" content=\"Apolline travaille pour Trias en Guin\u00e9e en tant qu&#039;Experte Junior : \u00ab Ce n&#039;est pas ton CV qui compte le plus, mais ta capacit\u00e9 \u00e0 \u00e9couter. \u00bb\" \/>\n<meta property=\"og:url\" content=\"https:\/\/www.enabel.be\/fr\/choisir-le-programme-junior-cest-choisir-linconnu\/\" \/>\n<meta property=\"og:site_name\" content=\"Enabel - Agence belge de coop\u00e9ration internationale\" \/>\n<meta property=\"article:publisher\" content=\"https:\/\/www.facebook.com\/EnabelBelgium\/\" \/>\n<meta property=\"article:published_time\" content=\"2026-02-20T10:07:12+00:00\" \/>\n<meta property=\"og:image\" content=\"https:\/\/www.enabel.be\/app\/uploads\/2026\/02\/Template-visual-website-main-picture-1.jpg\" \/>\n\t<meta property=\"og:image:width\" content=\"1900\" \/>\n\t<meta property=\"og:image:height\" content=\"1200\" \/>\n\t<meta property=\"og:image:type\" content=\"image\/jpeg\" \/>\n<meta name=\"author\" content=\"thea.mathues@enabel.be\" \/>\n<meta name=\"twitter:card\" content=\"summary_large_image\" \/>\n<meta name=\"twitter:creator\" content=\"@Enabel_Belgium\" \/>\n<meta name=\"twitter:site\" content=\"@Enabel_Belgium\" \/>\n<meta name=\"twitter:label1\" content=\"Written by\" \/>\n\t<meta name=\"twitter:data1\" content=\"thea.mathues@enabel.be\" \/>\n\t<meta name=\"twitter:label2\" content=\"Est. reading time\" \/>\n\t<meta name=\"twitter:data2\" content=\"7 minutes\" \/>\n<script type=\"application\/ld+json\" class=\"yoast-schema-graph\">{\"@context\":\"https:\/\/schema.org\",\"@graph\":[{\"@type\":\"Article\",\"@id\":\"https:\/\/www.enabel.be\/fr\/choisir-le-programme-junior-cest-choisir-linconnu\/#article\",\"isPartOf\":{\"@id\":\"https:\/\/www.enabel.be\/fr\/choisir-le-programme-junior-cest-choisir-linconnu\/\"},\"author\":{\"name\":\"thea.mathues@enabel.be\",\"@id\":\"https:\/\/www.enabel.be\/fr\/#\/schema\/person\/75abf3321fd0b975a8c0d5d6169668e2\"},\"headline\":\"\u00ab Choisir le Programme Junior, c&rsquo;est choisir l&rsquo;inconnu \u00bb\",\"datePublished\":\"2026-02-20T10:07:12+00:00\",\"mainEntityOfPage\":{\"@id\":\"https:\/\/www.enabel.be\/fr\/choisir-le-programme-junior-cest-choisir-linconnu\/\"},\"wordCount\":56,\"publisher\":{\"@id\":\"https:\/\/www.enabel.be\/fr\/#organization\"},\"image\":{\"@id\":\"https:\/\/www.enabel.be\/fr\/choisir-le-programme-junior-cest-choisir-linconnu\/#primaryimage\"},\"thumbnailUrl\":\"https:\/\/www.enabel.be\/app\/uploads\/2026\/02\/Template-visual-website-main-picture-1.jpg\",\"articleSection\":[\"Actualit\u00e9s\"],\"inLanguage\":\"fr-FR\"},{\"@type\":\"WebPage\",\"@id\":\"https:\/\/www.enabel.be\/fr\/choisir-le-programme-junior-cest-choisir-linconnu\/\",\"url\":\"https:\/\/www.enabel.be\/fr\/choisir-le-programme-junior-cest-choisir-linconnu\/\",\"name\":\"\u00ab Choisir le Programme Junior, c'est choisir l'inconnu \u00bb - Enabel - Agence belge de coop\u00e9ration internationale\",\"isPartOf\":{\"@id\":\"https:\/\/www.enabel.be\/fr\/#website\"},\"primaryImageOfPage\":{\"@id\":\"https:\/\/www.enabel.be\/fr\/choisir-le-programme-junior-cest-choisir-linconnu\/#primaryimage\"},\"image\":{\"@id\":\"https:\/\/www.enabel.be\/fr\/choisir-le-programme-junior-cest-choisir-linconnu\/#primaryimage\"},\"thumbnailUrl\":\"https:\/\/www.enabel.be\/app\/uploads\/2026\/02\/Template-visual-website-main-picture-1.jpg\",\"datePublished\":\"2026-02-20T10:07:12+00:00\",\"description\":\"Apolline travaille pour Trias en Guin\u00e9e en tant qu'Experte Junior : \u00ab Ce n'est pas ton CV qui compte le plus, mais ta capacit\u00e9 \u00e0 \u00e9couter. \u00bb\",\"breadcrumb\":{\"@id\":\"https:\/\/www.enabel.be\/fr\/choisir-le-programme-junior-cest-choisir-linconnu\/#breadcrumb\"},\"inLanguage\":\"fr-FR\",\"potentialAction\":[{\"@type\":\"ReadAction\",\"target\":[\"https:\/\/www.enabel.be\/fr\/choisir-le-programme-junior-cest-choisir-linconnu\/\"]}]},{\"@type\":\"ImageObject\",\"inLanguage\":\"fr-FR\",\"@id\":\"https:\/\/www.enabel.be\/fr\/choisir-le-programme-junior-cest-choisir-linconnu\/#primaryimage\",\"url\":\"https:\/\/www.enabel.be\/app\/uploads\/2026\/02\/Template-visual-website-main-picture-1.jpg\",\"contentUrl\":\"https:\/\/www.enabel.be\/app\/uploads\/2026\/02\/Template-visual-website-main-picture-1.jpg\",\"width\":1900,\"height\":1200,\"caption\":\"Picture of women looking into review mirror of a car\"},{\"@type\":\"BreadcrumbList\",\"@id\":\"https:\/\/www.enabel.be\/fr\/choisir-le-programme-junior-cest-choisir-linconnu\/#breadcrumb\",\"itemListElement\":[{\"@type\":\"ListItem\",\"position\":1,\"name\":\"Home\",\"item\":\"https:\/\/www.enabel.be\/fr\/\"},{\"@type\":\"ListItem\",\"position\":2,\"name\":\"\u00ab Choisir le Programme Junior, c&#8217;est choisir l&#8217;inconnu \u00bb\"}]},{\"@type\":\"WebSite\",\"@id\":\"https:\/\/www.enabel.be\/fr\/#website\",\"url\":\"https:\/\/www.enabel.be\/fr\/\",\"name\":\"Enabel - Agence belge de coop\u00e9ration internationale\",\"description\":\"Enabling Change\",\"publisher\":{\"@id\":\"https:\/\/www.enabel.be\/fr\/#organization\"},\"potentialAction\":[{\"@type\":\"SearchAction\",\"target\":{\"@type\":\"EntryPoint\",\"urlTemplate\":\"https:\/\/www.enabel.be\/fr\/?s={search_term_string}\"},\"query-input\":{\"@type\":\"PropertyValueSpecification\",\"valueRequired\":true,\"valueName\":\"search_term_string\"}}],\"inLanguage\":\"fr-FR\"},{\"@type\":\"Organization\",\"@id\":\"https:\/\/www.enabel.be\/fr\/#organization\",\"name\":\"Enabel - Agence belge de coop\u00e9ration internationale\",\"url\":\"https:\/\/www.enabel.be\/fr\/\",\"logo\":{\"@type\":\"ImageObject\",\"inLanguage\":\"fr-FR\",\"@id\":\"https:\/\/www.enabel.be\/fr\/#\/schema\/logo\/image\/\",\"url\":\"https:\/\/www.enabel.be\/app\/uploads\/2022\/06\/enabel-logo-color.svg\",\"contentUrl\":\"https:\/\/www.enabel.be\/app\/uploads\/2022\/06\/enabel-logo-color.svg\",\"width\":103,\"height\":35,\"caption\":\"Enabel - Agence belge de coop\u00e9ration internationale\"},\"image\":{\"@id\":\"https:\/\/www.enabel.be\/fr\/#\/schema\/logo\/image\/\"},\"sameAs\":[\"https:\/\/www.facebook.com\/EnabelBelgium\/\",\"https:\/\/x.com\/Enabel_Belgium\",\"https:\/\/www.instagram.com\/enabel_be\/\",\"https:\/\/www.linkedin.com\/company\/enabel\/\",\"https:\/\/www.youtube.com\/channel\/UCHGr3iOQ9n2jORzgtkv5FyQ\"]},{\"@type\":\"Person\",\"@id\":\"https:\/\/www.enabel.be\/fr\/#\/schema\/person\/75abf3321fd0b975a8c0d5d6169668e2\",\"name\":\"thea.mathues@enabel.be\"}]}<\/script>\n<!-- \/ Yoast SEO plugin. -->","yoast_head_json":{"title":"\u00ab Choisir le Programme Junior, c'est choisir l'inconnu \u00bb - Enabel - Agence belge de coop\u00e9ration internationale","description":"Apolline travaille pour Trias en Guin\u00e9e en tant qu'Experte Junior : \u00ab Ce n'est pas ton CV qui compte le plus, mais ta capacit\u00e9 \u00e0 \u00e9couter. \u00bb","robots":{"index":"index","follow":"follow","max-snippet":"max-snippet:-1","max-image-preview":"max-image-preview:large","max-video-preview":"max-video-preview:-1"},"canonical":"https:\/\/www.enabel.be\/fr\/choisir-le-programme-junior-cest-choisir-linconnu\/","og_locale":"fr_FR","og_type":"article","og_title":"\u00ab Choisir le Programme Junior, c'est choisir l'inconnu \u00bb - Enabel - Agence belge de coop\u00e9ration internationale","og_description":"Apolline travaille pour Trias en Guin\u00e9e en tant qu'Experte Junior : \u00ab Ce n'est pas ton CV qui compte le plus, mais ta capacit\u00e9 \u00e0 \u00e9couter. \u00bb","og_url":"https:\/\/www.enabel.be\/fr\/choisir-le-programme-junior-cest-choisir-linconnu\/","og_site_name":"Enabel - Agence belge de coop\u00e9ration internationale","article_publisher":"https:\/\/www.facebook.com\/EnabelBelgium\/","article_published_time":"2026-02-20T10:07:12+00:00","og_image":[{"width":1900,"height":1200,"url":"https:\/\/www.enabel.be\/app\/uploads\/2026\/02\/Template-visual-website-main-picture-1.jpg","type":"image\/jpeg"}],"author":"thea.mathues@enabel.be","twitter_card":"summary_large_image","twitter_creator":"@Enabel_Belgium","twitter_site":"@Enabel_Belgium","twitter_misc":{"Written by":"thea.mathues@enabel.be","Est. reading time":"7 minutes"},"schema":{"@context":"https:\/\/schema.org","@graph":[{"@type":"Article","@id":"https:\/\/www.enabel.be\/fr\/choisir-le-programme-junior-cest-choisir-linconnu\/#article","isPartOf":{"@id":"https:\/\/www.enabel.be\/fr\/choisir-le-programme-junior-cest-choisir-linconnu\/"},"author":{"name":"thea.mathues@enabel.be","@id":"https:\/\/www.enabel.be\/fr\/#\/schema\/person\/75abf3321fd0b975a8c0d5d6169668e2"},"headline":"\u00ab Choisir le Programme Junior, c&rsquo;est choisir l&rsquo;inconnu \u00bb","datePublished":"2026-02-20T10:07:12+00:00","mainEntityOfPage":{"@id":"https:\/\/www.enabel.be\/fr\/choisir-le-programme-junior-cest-choisir-linconnu\/"},"wordCount":56,"publisher":{"@id":"https:\/\/www.enabel.be\/fr\/#organization"},"image":{"@id":"https:\/\/www.enabel.be\/fr\/choisir-le-programme-junior-cest-choisir-linconnu\/#primaryimage"},"thumbnailUrl":"https:\/\/www.enabel.be\/app\/uploads\/2026\/02\/Template-visual-website-main-picture-1.jpg","articleSection":["Actualit\u00e9s"],"inLanguage":"fr-FR"},{"@type":"WebPage","@id":"https:\/\/www.enabel.be\/fr\/choisir-le-programme-junior-cest-choisir-linconnu\/","url":"https:\/\/www.enabel.be\/fr\/choisir-le-programme-junior-cest-choisir-linconnu\/","name":"\u00ab Choisir le Programme Junior, c'est choisir l'inconnu \u00bb - Enabel - Agence belge de coop\u00e9ration internationale","isPartOf":{"@id":"https:\/\/www.enabel.be\/fr\/#website"},"primaryImageOfPage":{"@id":"https:\/\/www.enabel.be\/fr\/choisir-le-programme-junior-cest-choisir-linconnu\/#primaryimage"},"image":{"@id":"https:\/\/www.enabel.be\/fr\/choisir-le-programme-junior-cest-choisir-linconnu\/#primaryimage"},"thumbnailUrl":"https:\/\/www.enabel.be\/app\/uploads\/2026\/02\/Template-visual-website-main-picture-1.jpg","datePublished":"2026-02-20T10:07:12+00:00","description":"Apolline travaille pour Trias en Guin\u00e9e en tant qu'Experte Junior : \u00ab Ce n'est pas ton CV qui compte le plus, mais ta capacit\u00e9 \u00e0 \u00e9couter. \u00bb","breadcrumb":{"@id":"https:\/\/www.enabel.be\/fr\/choisir-le-programme-junior-cest-choisir-linconnu\/#breadcrumb"},"inLanguage":"fr-FR","potentialAction":[{"@type":"ReadAction","target":["https:\/\/www.enabel.be\/fr\/choisir-le-programme-junior-cest-choisir-linconnu\/"]}]},{"@type":"ImageObject","inLanguage":"fr-FR","@id":"https:\/\/www.enabel.be\/fr\/choisir-le-programme-junior-cest-choisir-linconnu\/#primaryimage","url":"https:\/\/www.enabel.be\/app\/uploads\/2026\/02\/Template-visual-website-main-picture-1.jpg","contentUrl":"https:\/\/www.enabel.be\/app\/uploads\/2026\/02\/Template-visual-website-main-picture-1.jpg","width":1900,"height":1200,"caption":"Picture of women looking into review mirror of a car"},{"@type":"BreadcrumbList","@id":"https:\/\/www.enabel.be\/fr\/choisir-le-programme-junior-cest-choisir-linconnu\/#breadcrumb","itemListElement":[{"@type":"ListItem","position":1,"name":"Home","item":"https:\/\/www.enabel.be\/fr\/"},{"@type":"ListItem","position":2,"name":"\u00ab Choisir le Programme Junior, c&#8217;est choisir l&#8217;inconnu \u00bb"}]},{"@type":"WebSite","@id":"https:\/\/www.enabel.be\/fr\/#website","url":"https:\/\/www.enabel.be\/fr\/","name":"Enabel - Agence belge de coop\u00e9ration internationale","description":"Enabling Change","publisher":{"@id":"https:\/\/www.enabel.be\/fr\/#organization"},"potentialAction":[{"@type":"SearchAction","target":{"@type":"EntryPoint","urlTemplate":"https:\/\/www.enabel.be\/fr\/?s={search_term_string}"},"query-input":{"@type":"PropertyValueSpecification","valueRequired":true,"valueName":"search_term_string"}}],"inLanguage":"fr-FR"},{"@type":"Organization","@id":"https:\/\/www.enabel.be\/fr\/#organization","name":"Enabel - Agence belge de coop\u00e9ration internationale","url":"https:\/\/www.enabel.be\/fr\/","logo":{"@type":"ImageObject","inLanguage":"fr-FR","@id":"https:\/\/www.enabel.be\/fr\/#\/schema\/logo\/image\/","url":"https:\/\/www.enabel.be\/app\/uploads\/2022\/06\/enabel-logo-color.svg","contentUrl":"https:\/\/www.enabel.be\/app\/uploads\/2022\/06\/enabel-logo-color.svg","width":103,"height":35,"caption":"Enabel - Agence belge de coop\u00e9ration internationale"},"image":{"@id":"https:\/\/www.enabel.be\/fr\/#\/schema\/logo\/image\/"},"sameAs":["https:\/\/www.facebook.com\/EnabelBelgium\/","https:\/\/x.com\/Enabel_Belgium","https:\/\/www.instagram.com\/enabel_be\/","https:\/\/www.linkedin.com\/company\/enabel\/","https:\/\/www.youtube.com\/channel\/UCHGr3iOQ9n2jORzgtkv5FyQ"]},{"@type":"Person","@id":"https:\/\/www.enabel.be\/fr\/#\/schema\/person\/75abf3321fd0b975a8c0d5d6169668e2","name":"thea.mathues@enabel.be"}]}},"acf":[],"_links":{"self":[{"href":"https:\/\/www.enabel.be\/fr\/wp-json\/wp\/v2\/posts\/66361","targetHints":{"allow":["GET"]}}],"collection":[{"href":"https:\/\/www.enabel.be\/fr\/wp-json\/wp\/v2\/posts"}],"about":[{"href":"https:\/\/www.enabel.be\/fr\/wp-json\/wp\/v2\/types\/post"}],"author":[{"embeddable":true,"href":"https:\/\/www.enabel.be\/fr\/wp-json\/wp\/v2\/users\/264"}],"replies":[{"embeddable":true,"href":"https:\/\/www.enabel.be\/fr\/wp-json\/wp\/v2\/comments?post=66361"}],"version-history":[{"count":3,"href":"https:\/\/www.enabel.be\/fr\/wp-json\/wp\/v2\/posts\/66361\/revisions"}],"predecessor-version":[{"id":66364,"href":"https:\/\/www.enabel.be\/fr\/wp-json\/wp\/v2\/posts\/66361\/revisions\/66364"}],"wp:featuredmedia":[{"embeddable":true,"href":"https:\/\/www.enabel.be\/fr\/wp-json\/wp\/v2\/media\/66077"}],"wp:attachment":[{"href":"https:\/\/www.enabel.be\/fr\/wp-json\/wp\/v2\/media?parent=66361"}],"wp:term":[{"taxonomy":"category","embeddable":true,"href":"https:\/\/www.enabel.be\/fr\/wp-json\/wp\/v2\/categories?post=66361"},{"taxonomy":"post_tag","embeddable":true,"href":"https:\/\/www.enabel.be\/fr\/wp-json\/wp\/v2\/tags?post=66361"},{"taxonomy":"classifications","embeddable":true,"href":"https:\/\/www.enabel.be\/fr\/wp-json\/wp\/v2\/classifications?post=66361"}],"curies":[{"name":"wp","href":"https:\/\/api.w.org\/{rel}","templated":true}]}}