{"id":64017,"date":"2025-12-18T08:28:37","date_gmt":"2025-12-18T08:28:37","guid":{"rendered":"https:\/\/www.enabel.be\/?p=64017"},"modified":"2025-12-18T08:26:36","modified_gmt":"2025-12-18T08:26:36","slug":"enabel-en-het-waals-gewest-bundelen-hun-krachten-voor-duurzaam-waterbeheer-in-tunesie","status":"publish","type":"post","link":"https:\/\/www.enabel.be\/nl\/enabel-en-het-waals-gewest-bundelen-hun-krachten-voor-duurzaam-waterbeheer-in-tunesie\/","title":{"rendered":"Enabel en het Waals Gewest bundelen hun krachten voor duurzaam waterbeheer in Tunesi\u00eb"},"content":{"rendered":"<header class=\"header--news pt-10 lg:pt-40 pb-16 relative \">\n    <div class=\"z-10 container grid grid-cols-12\">\n        <div class=\"group group-h5:bg-primary-500 col-span-12 md:col-span-10 col-padding col-start-1 md:col-start-2 text-center\">\n                            <p>Nieuws<\/p>\n                                        <p>18 december 2025<\/p>\n                                        <h1>Enabel en het Waals Gewest bundelen hun krachten voor duurzaam waterbeheer in Tunesi\u00eb<\/h1>\n                                        <p class=\"h4 mb-10\">Persbericht<\/p>\n            \n            <img decoding=\"async\" width=\"2126\" height=\"1417\" src=\"https:\/\/www.enabel.be\/app\/uploads\/2025\/12\/IMG_0079_RET_MD.jpg\" class=\"mt-20 w-full h-auto max-h-[600px] object-cover object-center rounded-lg wp-post-image\" alt=\"\" srcset=\"https:\/\/www.enabel.be\/app\/uploads\/2025\/12\/IMG_0079_RET_MD.jpg 2126w, https:\/\/www.enabel.be\/app\/uploads\/2025\/12\/IMG_0079_RET_MD-300x200.jpg 300w, https:\/\/www.enabel.be\/app\/uploads\/2025\/12\/IMG_0079_RET_MD-1024x683.jpg 1024w, https:\/\/www.enabel.be\/app\/uploads\/2025\/12\/IMG_0079_RET_MD-768x512.jpg 768w, https:\/\/www.enabel.be\/app\/uploads\/2025\/12\/IMG_0079_RET_MD-1536x1024.jpg 1536w, https:\/\/www.enabel.be\/app\/uploads\/2025\/12\/IMG_0079_RET_MD-2048x1365.jpg 2048w\" sizes=\"(max-width: 2126px) 100vw, 2126px\" \/>\n        <\/div>\n    <\/div>\n<\/header>\n\n<section class=\"section--article-content\">\n    <div class=\"container grid grid-cols-12\">\n        <div class=\"col-span-12 col-start-1 md:col-span-8 md:col-start-3\">\n            <h3 style=\"text-align: center;\"><span class=\"text-primary-500\">Enabel, het Belgisch agentschap voor internationale samenwerking, en het Waals Gewest lanceren via het Agence wallonne de l\u2019Air et du Climat (AWAC) een project voor effici\u00ebnt grondwaterbeheer in Tunesi\u00eb (GEEST-project). Dit partnerschap, dat gebruikmaakt van de expertise van de Soci\u00e9t\u00e9 Wallonne des Eaux (SWDE), sluit aan bij initiatieven die de afgelopen jaren zijn genomen in Senegal, Burundi, Marokko en het gebied van de Grote Meren in Afrika, en illustreert de relevantie van &#8220;Team Belgium&#8221; om wereldwijde klimaatuitdagingen aan te pakken.<\/span><\/h3>\n<p>&nbsp;<\/p>\n<h4><span class=\"text-primary-500\">Een proefproject voor waterresistentie<\/span><\/h4>\n<p>Het project heeft tot doel de capaciteiten van het Tunesische ministerie van Landbouw, Waterrijkdommen en Visserij (MARHP) te versterken, met het oog op een duurzaam en op gegevens gebaseerd beheer van het grondwater, in een context van chronische overexploitatie (gemiddeld 133 %) en toenemende klimatologische druk (droogte, ontoereikende aanvulling, verzilting). Het project, met een budget van 1,65 miljoen euro en een looptijd van 18 maanden, heeft in deze proeffase tot doel een ge\u00efntegreerd model voor grondwaterbeheer te testen en te demonstreren, waarbij <strong>wetenschappelijke observatie, participatief bestuur en digitale innovatie worden gecombineerd<\/strong>, met het oog op een geleidelijke opschaling op nationaal niveau.<\/p>\n<h4><span class=\"text-primary-500\">Gestructureerde en inclusieve samenwerking<\/span><\/h4>\n<p>De samenwerking tussen Walloni\u00eb en Enabel is gebaseerd op een gezamenlijke wil om de Waalse publieke expertise op het gebied van hydrogeologie, telemetrie en gegevensbeheer te benutten en tegelijkertijd de institutionele capaciteiten van Tunesi\u00eb te versterken. De SWDE brengt haar technische knowhow, die zich in Walloni\u00eb al heeft bewezen, voor de installatie van een geautomatiseerd pi\u00ebzometrisch netwerk en de ontwikkeling van een digitaal platform voor het monitoren van grondwaterlagen.<\/p>\n<p>Jean Van Wettern, CEO van Enabel: &#8220;Dit project illustreert perfect de versterking van ons partnerschap met het Waals Gewest: door de expertise van Enabel en SWDE te bundelen, werken we samen met de Tunesische autoriteiten om coherente en duurzame oplossingen voor een effici\u00ebnt grondwaterbeheer aan te bieden, in een context die gekenmerkt wordt door de gevolgen van de klimaatverandering.&#8221;<\/p>\n\n        <\/div>\n    <\/div>\n<\/section>\n\n\n<div class=\"relative max-w-7xl mx-auto pt-20 pb-12 px-4 sm:px-6 lg:px-8 lg:py-20 overflow-hidden\">\n        <svg class=\"absolute top-full left-0 transform translate-x-80 -translate-y-24 lg:hidden\" width=\"784\" height=\"404\" fill=\"none\" viewBox=\"0 0 784 404\" aria-hidden=\"true\">\n            <defs>\n                <pattern id=\"e56e3f81-d9c1-4b83-a3ba-0d0ac8c32f32\" x=\"0\" y=\"0\" width=\"20\" height=\"20\" patternUnits=\"userSpaceOnUse\">\n                    <rect x=\"0\" y=\"0\" width=\"4\" height=\"4\" class=\"text-gray-200\" fill=\"currentColor\" \/>\n                <\/pattern>\n            <\/defs>\n            <rect width=\"784\" height=\"404\" fill=\"url(#e56e3f81-d9c1-4b83-a3ba-0d0ac8c32f32)\" \/>\n        <\/svg>\n\n        <svg class=\"hidden lg:block absolute right-full top-1\/2 transform translate-x-1\/2 -translate-y-1\/2\" width=\"404\" height=\"784\" fill=\"none\" viewBox=\"0 0 404 784\" aria-hidden=\"true\">\n            <defs>\n                <pattern id=\"56409614-3d62-4985-9a10-7ca758a8f4f0\" x=\"0\" y=\"0\" width=\"20\" height=\"20\" patternUnits=\"userSpaceOnUse\">\n                    <rect x=\"0\" y=\"0\" width=\"4\" height=\"4\" class=\"text-gray-200\" fill=\"currentColor\" \/>\n                <\/pattern>\n            <\/defs>\n            <rect width=\"404\" height=\"784\" fill=\"url(#56409614-3d62-4985-9a10-7ca758a8f4f0)\" \/>\n        <\/svg>\n\n        <div class=\"relative lg:flex lg:items-center\">\n                            <div class=\"hidden lg:block lg:flex-shrink-0\">\n                    <img decoding=\"async\" class=\"h-64 w-64 rounded-full xl:h-80 xl:w-80\" src=\"https:\/\/www.enabel.be\/app\/uploads\/2025\/12\/1516775562455.jpeg\" alt=\"Isabelle Jeurissen\">\n                <\/div>\n            \n            <div class=\"relative lg:ml-10\">\n                <svg class=\"absolute top-0 left-0 transform -translate-x-8 -translate-y-24 h-36 w-36 text-indigo-200 opacity-50\" stroke=\"currentColor\" fill=\"none\" viewBox=\"0 0 144 144\" aria-hidden=\"true\">\n                    <path stroke-width=\"2\" d=\"M41.485 15C17.753 31.753 1 59.208 1 89.455c0 24.664 14.891 39.09 32.109 39.09 16.287 0 28.386-13.03 28.386-28.387 0-15.356-10.703-26.524-24.663-26.524-2.792 0-6.515.465-7.446.93 2.327-15.821 17.218-34.435 32.11-43.742L41.485 15zm80.04 0c-23.268 16.753-40.02 44.208-40.02 74.455 0 24.664 14.891 39.09 32.109 39.09 15.822 0 28.386-13.03 28.386-28.387 0-15.356-11.168-26.524-25.129-26.524-2.792 0-6.049.465-6.98.93 2.327-15.821 16.753-34.435 31.644-43.742L121.525 15z\" \/>\n                <\/svg>\n                <blockquote class=\"relative\">\n                                        <div class=\"text-2xl leading-9 font-medium text-gray-900\">\n                        <p>Bij SWDE zijn we van mening dat publieke expertise pas echt tot zijn recht komt wanneer deze deel uitmaakt van een duurzaam partnerschap en een daadwerkelijke uitwisseling van expertise. Het GEEST-project illustreert het vermogen van Belgi\u00eb om publieke knowhow en internationale samenwerking te combineren om relevante oplossingen te ontwikkelen die zijn aangepast aan de lokale realiteit en waarvan de lessen ook onze activiteiten in Walloni\u00eb kunnen inspireren en verrijken.<\/p>\n\n                    <\/div>\n                    <footer class=\"mt-8\">\n                        <div class=\"flex\">\n                            <div class=\"flex-shrink-0 lg:hidden\">\n                                <img decoding=\"async\" class=\"h-12 w-12 rounded-full\" src=\"https:\/\/www.enabel.be\/app\/uploads\/2025\/12\/1516775562455.jpeg\" alt=\"Isabelle Jeurissen\">\n                            <\/div>\n                            <div class=\"ml-4 lg:ml-0\">\n                                <div class=\"text-base font-medium text-gray-900\">Isabelle Jeurissen<\/div>\n                                                                    <div class=\"font-optima text-base font-medium text-primary-500\">Lid van het directiecomit\u00e9 van SWDE<\/div>\n                                                            <\/div>\n                        <\/div>\n                    <\/footer>\n                <\/blockquote>\n            <\/div>\n\n                    <\/div>\n    <\/div>\n\n\n<section class=\"section--article-content\">\n    <div class=\"container grid grid-cols-12\">\n        <div class=\"col-span-12 col-start-1 md:col-span-8 md:col-start-3\">\n            <p>Het project kan ook rekenen op academische en wetenschappelijke partners zoals de Universiteit van Luik (Gembloux Agro-Bio Tech), het Nationaal Agronomisch Instituut van Tunesi\u00eb (INAT), het Instituut voor Landbouwonderzoek en Hoger Onderwijs (IRESA), het Centrum voor Internationale Samenwerking in Landbouwonderzoek voor Ontwikkeling (CIRAD). Deze partnerschappen bevorderen de overdracht van expertise voor de productie van toegepaste kennis en de ondersteuning van publieke besluitvormingsprocessen op basis van lokale en satellietgegevens.<br \/>\n&nbsp;<\/p>\n<h4><span class=\"text-primary-500\">Internationale ervaring ten dienste van Tunesi\u00eb<\/span><\/h4>\n<p>Het project sluit aan bij projecten die Enabel en Walloni\u00eb in Afrika hebben uitgevoerd, met name in Senegal, en bij de steun aan <strong>het regionale programma LATAWAMA\/TAKIWAMA in het stroomgebied van het Tanganyikameer en het Kivumeer<\/strong>. Deze ervaringen hebben aangetoond dat een ge\u00efntegreerde aanpak, waarbij Belgische expertise en internationale samenwerking worden gecombineerd, doeltreffend is om de klimaatresistentie te versterken en een duurzaam beheer van natuurlijke hulpbronnen te bevorderen.<br \/>\n&nbsp;<\/p>\n<h4><span class=\"text-primary-500\">Doelstellingen en verwachte resultaten<\/span><\/h4>\n<p>Het project heeft verschillende belangrijke doelstellingen:<\/p>\n<p>\u2022 Versterking van de capaciteit voor monitoring en beheer van grondwater door de installatie van telemetriesystemen, slimme meters en de ontwikkeling van een platform voor informatie-uitwisseling.<\/p>\n<p>\u2022 Een participatief en inclusief model voor territoriaal en multisectoraal bestuur uitwerken om een duurzaam gebruik van grondwater te garanderen en de klimaatverandering het hoofd te bieden.<\/p>\n<p>\u2022 Het bewustzijn van politici en het grote publiek vergroten voor het behoud, het rationele gebruik en de valorisatie van watervoorraden, door middel van innovatieve communicatiemiddelen die het begrip van klimaatkwesties bevorderen.<br \/>\n&nbsp;<\/p>\n<h4><span class=\"text-primary-500\">Kapitalisatie en opschaling<\/span><\/h4>\n<p>De proeffase in <strong>Kairouan (centraal Tunesi\u00eb)<\/strong> is opgezet als een nationaal laboratorium, waarvan de resultaten kunnen worden benut en uitgebreid naar het hele Tunesische grondgebied. De opgedane kennis zal worden gestructureerd en verspreid in de vorm van nota\u2019s, wetenschappelijke publicaties en technisch-economische rapporten, ter voorbereiding van een mogelijke nationale uitbreiding van het systeem. Deze kennisopbouw maakt van de proeffase de eerste stap in een nationaal langetermijnprogramma dat tot doel heeft de waterresistentie van Tunesi\u00eb te versterken tegen de gevolgen van de klimaatverandering.<br \/>\n&nbsp;<\/p>\n<h4><span class=\"text-primary-500\">Reproduceerbaar en duurzaam model<\/span><\/h4>\n<p>Door in te zetten op innovatie, transparantie van gegevens en territoriaal overleg wil het project de haalbaarheid aantonen van <strong>een geco\u00f6rdineerd en evenwichtig beheer van het grondwater, dat kan worden overgedragen naar andere contexten en landen<\/strong>. Het belichaamt de wil van Walloni\u00eb en Enabel om een gestructureerde, inclusieve en duurzame samenwerking na te streven ten dienste van klimaatresistentie en rechtvaardige ontwikkeling.<\/p>\n\n        <\/div>\n    <\/div>\n<\/section>\n","protected":false},"excerpt":{"rendered":"","protected":false},"author":3,"featured_media":64102,"comment_status":"closed","ping_status":"closed","sticky":false,"template":"","format":"standard","meta":{"_acf_changed":false,"inline_featured_image":false,"footnotes":""},"categories":[16],"tags":[],"classifications":[],"class_list":["post-64017","post","type-post","status-publish","format-standard","has-post-thumbnail","hentry","category-nieuws"],"yoast_head":"<!-- This site is optimized with the Yoast SEO plugin v25.9 - https:\/\/yoast.com\/wordpress\/plugins\/seo\/ -->\n<title>Enabel en het Waals Gewest bundelen hun krachten voor duurzaam waterbeheer in Tunesi\u00eb - Enabel - Belgisch agentschap voor internationale samenwerking<\/title>\n<meta name=\"description\" content=\"Enabel, het Waals Gewest en de SWDE ondersteunen Tunesi\u00eb bij het duurzaam beheer van het grondwater in het licht van de klimaatuitdagingen.\" \/>\n<meta name=\"robots\" content=\"index, follow, max-snippet:-1, max-image-preview:large, max-video-preview:-1\" \/>\n<link rel=\"canonical\" href=\"https:\/\/www.enabel.be\/nl\/enabel-en-het-waals-gewest-bundelen-hun-krachten-voor-duurzaam-waterbeheer-in-tunesie\/\" \/>\n<meta property=\"og:locale\" content=\"nl_NL\" \/>\n<meta property=\"og:type\" content=\"article\" \/>\n<meta property=\"og:title\" content=\"Enabel en het Waals Gewest bundelen hun krachten voor duurzaam waterbeheer in Tunesi\u00eb - Enabel - Belgisch agentschap voor internationale samenwerking\" \/>\n<meta property=\"og:description\" content=\"Enabel, het Waals Gewest en de SWDE ondersteunen Tunesi\u00eb bij het duurzaam beheer van het grondwater in het licht van de klimaatuitdagingen.\" \/>\n<meta property=\"og:url\" content=\"https:\/\/www.enabel.be\/nl\/enabel-en-het-waals-gewest-bundelen-hun-krachten-voor-duurzaam-waterbeheer-in-tunesie\/\" \/>\n<meta property=\"og:site_name\" content=\"Enabel - Belgisch agentschap voor internationale samenwerking\" \/>\n<meta property=\"article:publisher\" content=\"https:\/\/www.facebook.com\/EnabelBelgium\/\" \/>\n<meta property=\"article:published_time\" content=\"2025-12-18T08:28:37+00:00\" \/>\n<meta property=\"og:image\" content=\"https:\/\/www.enabel.be\/app\/uploads\/2025\/12\/IMG_0079_RET_MD.jpg\" \/>\n\t<meta property=\"og:image:width\" content=\"2126\" \/>\n\t<meta property=\"og:image:height\" content=\"1417\" \/>\n\t<meta property=\"og:image:type\" content=\"image\/jpeg\" \/>\n<meta name=\"author\" content=\"Blanche\" \/>\n<meta name=\"twitter:card\" content=\"summary_large_image\" \/>\n<meta name=\"twitter:creator\" content=\"@Enabel_Belgium\" \/>\n<meta name=\"twitter:site\" content=\"@Enabel_Belgium\" \/>\n<meta name=\"twitter:label1\" content=\"Written by\" \/>\n\t<meta name=\"twitter:data1\" content=\"Blanche\" \/>\n\t<meta name=\"twitter:label2\" content=\"Est. reading time\" \/>\n\t<meta name=\"twitter:data2\" content=\"4 minuten\" \/>\n<script type=\"application\/ld+json\" class=\"yoast-schema-graph\">{\"@context\":\"https:\/\/schema.org\",\"@graph\":[{\"@type\":\"Article\",\"@id\":\"https:\/\/www.enabel.be\/nl\/enabel-en-het-waals-gewest-bundelen-hun-krachten-voor-duurzaam-waterbeheer-in-tunesie\/#article\",\"isPartOf\":{\"@id\":\"https:\/\/www.enabel.be\/nl\/enabel-en-het-waals-gewest-bundelen-hun-krachten-voor-duurzaam-waterbeheer-in-tunesie\/\"},\"author\":{\"name\":\"Blanche\",\"@id\":\"https:\/\/www.enabel.be\/nl\/#\/schema\/person\/597df7163be49a3ab375ecde2ec071e8\"},\"headline\":\"Enabel en het Waals Gewest bundelen hun krachten voor duurzaam waterbeheer in Tunesi\u00eb\",\"datePublished\":\"2025-12-18T08:28:37+00:00\",\"mainEntityOfPage\":{\"@id\":\"https:\/\/www.enabel.be\/nl\/enabel-en-het-waals-gewest-bundelen-hun-krachten-voor-duurzaam-waterbeheer-in-tunesie\/\"},\"wordCount\":13,\"publisher\":{\"@id\":\"https:\/\/www.enabel.be\/nl\/#organization\"},\"image\":{\"@id\":\"https:\/\/www.enabel.be\/nl\/enabel-en-het-waals-gewest-bundelen-hun-krachten-voor-duurzaam-waterbeheer-in-tunesie\/#primaryimage\"},\"thumbnailUrl\":\"https:\/\/www.enabel.be\/app\/uploads\/2025\/12\/IMG_0079_RET_MD.jpg\",\"articleSection\":[\"Nieuws\"],\"inLanguage\":\"nl-NL\"},{\"@type\":\"WebPage\",\"@id\":\"https:\/\/www.enabel.be\/nl\/enabel-en-het-waals-gewest-bundelen-hun-krachten-voor-duurzaam-waterbeheer-in-tunesie\/\",\"url\":\"https:\/\/www.enabel.be\/nl\/enabel-en-het-waals-gewest-bundelen-hun-krachten-voor-duurzaam-waterbeheer-in-tunesie\/\",\"name\":\"Enabel en het Waals Gewest bundelen hun krachten voor duurzaam waterbeheer in Tunesi\u00eb - Enabel - Belgisch agentschap voor internationale samenwerking\",\"isPartOf\":{\"@id\":\"https:\/\/www.enabel.be\/nl\/#website\"},\"primaryImageOfPage\":{\"@id\":\"https:\/\/www.enabel.be\/nl\/enabel-en-het-waals-gewest-bundelen-hun-krachten-voor-duurzaam-waterbeheer-in-tunesie\/#primaryimage\"},\"image\":{\"@id\":\"https:\/\/www.enabel.be\/nl\/enabel-en-het-waals-gewest-bundelen-hun-krachten-voor-duurzaam-waterbeheer-in-tunesie\/#primaryimage\"},\"thumbnailUrl\":\"https:\/\/www.enabel.be\/app\/uploads\/2025\/12\/IMG_0079_RET_MD.jpg\",\"datePublished\":\"2025-12-18T08:28:37+00:00\",\"description\":\"Enabel, het Waals Gewest en de SWDE ondersteunen Tunesi\u00eb bij het duurzaam beheer van het grondwater in het licht van de klimaatuitdagingen.\",\"breadcrumb\":{\"@id\":\"https:\/\/www.enabel.be\/nl\/enabel-en-het-waals-gewest-bundelen-hun-krachten-voor-duurzaam-waterbeheer-in-tunesie\/#breadcrumb\"},\"inLanguage\":\"nl-NL\",\"potentialAction\":[{\"@type\":\"ReadAction\",\"target\":[\"https:\/\/www.enabel.be\/nl\/enabel-en-het-waals-gewest-bundelen-hun-krachten-voor-duurzaam-waterbeheer-in-tunesie\/\"]}]},{\"@type\":\"ImageObject\",\"inLanguage\":\"nl-NL\",\"@id\":\"https:\/\/www.enabel.be\/nl\/enabel-en-het-waals-gewest-bundelen-hun-krachten-voor-duurzaam-waterbeheer-in-tunesie\/#primaryimage\",\"url\":\"https:\/\/www.enabel.be\/app\/uploads\/2025\/12\/IMG_0079_RET_MD.jpg\",\"contentUrl\":\"https:\/\/www.enabel.be\/app\/uploads\/2025\/12\/IMG_0079_RET_MD.jpg\",\"width\":2126,\"height\":1417},{\"@type\":\"BreadcrumbList\",\"@id\":\"https:\/\/www.enabel.be\/nl\/enabel-en-het-waals-gewest-bundelen-hun-krachten-voor-duurzaam-waterbeheer-in-tunesie\/#breadcrumb\",\"itemListElement\":[{\"@type\":\"ListItem\",\"position\":1,\"name\":\"Home\",\"item\":\"https:\/\/www.enabel.be\/nl\/\"},{\"@type\":\"ListItem\",\"position\":2,\"name\":\"Enabel en het Waals Gewest bundelen hun krachten voor duurzaam waterbeheer in Tunesi\u00eb\"}]},{\"@type\":\"WebSite\",\"@id\":\"https:\/\/www.enabel.be\/nl\/#website\",\"url\":\"https:\/\/www.enabel.be\/nl\/\",\"name\":\"Enabel - Belgisch agentschap voor internationale samenwerking\",\"description\":\"Enabling Change\",\"publisher\":{\"@id\":\"https:\/\/www.enabel.be\/nl\/#organization\"},\"potentialAction\":[{\"@type\":\"SearchAction\",\"target\":{\"@type\":\"EntryPoint\",\"urlTemplate\":\"https:\/\/www.enabel.be\/nl\/?s={search_term_string}\"},\"query-input\":{\"@type\":\"PropertyValueSpecification\",\"valueRequired\":true,\"valueName\":\"search_term_string\"}}],\"inLanguage\":\"nl-NL\"},{\"@type\":\"Organization\",\"@id\":\"https:\/\/www.enabel.be\/nl\/#organization\",\"name\":\"Enabel - Belgisch agentschap voor internationale samenwerking\",\"url\":\"https:\/\/www.enabel.be\/nl\/\",\"logo\":{\"@type\":\"ImageObject\",\"inLanguage\":\"nl-NL\",\"@id\":\"https:\/\/www.enabel.be\/nl\/#\/schema\/logo\/image\/\",\"url\":\"https:\/\/www.enabel.be\/app\/uploads\/2022\/06\/enabel-logo-color.svg\",\"contentUrl\":\"https:\/\/www.enabel.be\/app\/uploads\/2022\/06\/enabel-logo-color.svg\",\"width\":103,\"height\":35,\"caption\":\"Enabel - Belgisch agentschap voor internationale samenwerking\"},\"image\":{\"@id\":\"https:\/\/www.enabel.be\/nl\/#\/schema\/logo\/image\/\"},\"sameAs\":[\"https:\/\/www.facebook.com\/EnabelBelgium\/\",\"https:\/\/x.com\/Enabel_Belgium\",\"https:\/\/www.instagram.com\/enabel_be\/\",\"https:\/\/www.linkedin.com\/company\/enabel\/\",\"https:\/\/www.youtube.com\/channel\/UCHGr3iOQ9n2jORzgtkv5FyQ\"]},{\"@type\":\"Person\",\"@id\":\"https:\/\/www.enabel.be\/nl\/#\/schema\/person\/597df7163be49a3ab375ecde2ec071e8\",\"name\":\"Blanche\"}]}<\/script>\n<!-- \/ Yoast SEO plugin. -->","yoast_head_json":{"title":"Enabel en het Waals Gewest bundelen hun krachten voor duurzaam waterbeheer in Tunesi\u00eb - Enabel - Belgisch agentschap voor internationale samenwerking","description":"Enabel, het Waals Gewest en de SWDE ondersteunen Tunesi\u00eb bij het duurzaam beheer van het grondwater in het licht van de klimaatuitdagingen.","robots":{"index":"index","follow":"follow","max-snippet":"max-snippet:-1","max-image-preview":"max-image-preview:large","max-video-preview":"max-video-preview:-1"},"canonical":"https:\/\/www.enabel.be\/nl\/enabel-en-het-waals-gewest-bundelen-hun-krachten-voor-duurzaam-waterbeheer-in-tunesie\/","og_locale":"nl_NL","og_type":"article","og_title":"Enabel en het Waals Gewest bundelen hun krachten voor duurzaam waterbeheer in Tunesi\u00eb - Enabel - Belgisch agentschap voor internationale samenwerking","og_description":"Enabel, het Waals Gewest en de SWDE ondersteunen Tunesi\u00eb bij het duurzaam beheer van het grondwater in het licht van de klimaatuitdagingen.","og_url":"https:\/\/www.enabel.be\/nl\/enabel-en-het-waals-gewest-bundelen-hun-krachten-voor-duurzaam-waterbeheer-in-tunesie\/","og_site_name":"Enabel - Belgisch agentschap voor internationale samenwerking","article_publisher":"https:\/\/www.facebook.com\/EnabelBelgium\/","article_published_time":"2025-12-18T08:28:37+00:00","og_image":[{"width":2126,"height":1417,"url":"https:\/\/www.enabel.be\/app\/uploads\/2025\/12\/IMG_0079_RET_MD.jpg","type":"image\/jpeg"}],"author":"Blanche","twitter_card":"summary_large_image","twitter_creator":"@Enabel_Belgium","twitter_site":"@Enabel_Belgium","twitter_misc":{"Written by":"Blanche","Est. reading time":"4 minuten"},"schema":{"@context":"https:\/\/schema.org","@graph":[{"@type":"Article","@id":"https:\/\/www.enabel.be\/nl\/enabel-en-het-waals-gewest-bundelen-hun-krachten-voor-duurzaam-waterbeheer-in-tunesie\/#article","isPartOf":{"@id":"https:\/\/www.enabel.be\/nl\/enabel-en-het-waals-gewest-bundelen-hun-krachten-voor-duurzaam-waterbeheer-in-tunesie\/"},"author":{"name":"Blanche","@id":"https:\/\/www.enabel.be\/nl\/#\/schema\/person\/597df7163be49a3ab375ecde2ec071e8"},"headline":"Enabel en het Waals Gewest bundelen hun krachten voor duurzaam waterbeheer in Tunesi\u00eb","datePublished":"2025-12-18T08:28:37+00:00","mainEntityOfPage":{"@id":"https:\/\/www.enabel.be\/nl\/enabel-en-het-waals-gewest-bundelen-hun-krachten-voor-duurzaam-waterbeheer-in-tunesie\/"},"wordCount":13,"publisher":{"@id":"https:\/\/www.enabel.be\/nl\/#organization"},"image":{"@id":"https:\/\/www.enabel.be\/nl\/enabel-en-het-waals-gewest-bundelen-hun-krachten-voor-duurzaam-waterbeheer-in-tunesie\/#primaryimage"},"thumbnailUrl":"https:\/\/www.enabel.be\/app\/uploads\/2025\/12\/IMG_0079_RET_MD.jpg","articleSection":["Nieuws"],"inLanguage":"nl-NL"},{"@type":"WebPage","@id":"https:\/\/www.enabel.be\/nl\/enabel-en-het-waals-gewest-bundelen-hun-krachten-voor-duurzaam-waterbeheer-in-tunesie\/","url":"https:\/\/www.enabel.be\/nl\/enabel-en-het-waals-gewest-bundelen-hun-krachten-voor-duurzaam-waterbeheer-in-tunesie\/","name":"Enabel en het Waals Gewest bundelen hun krachten voor duurzaam waterbeheer in Tunesi\u00eb - Enabel - Belgisch agentschap voor internationale samenwerking","isPartOf":{"@id":"https:\/\/www.enabel.be\/nl\/#website"},"primaryImageOfPage":{"@id":"https:\/\/www.enabel.be\/nl\/enabel-en-het-waals-gewest-bundelen-hun-krachten-voor-duurzaam-waterbeheer-in-tunesie\/#primaryimage"},"image":{"@id":"https:\/\/www.enabel.be\/nl\/enabel-en-het-waals-gewest-bundelen-hun-krachten-voor-duurzaam-waterbeheer-in-tunesie\/#primaryimage"},"thumbnailUrl":"https:\/\/www.enabel.be\/app\/uploads\/2025\/12\/IMG_0079_RET_MD.jpg","datePublished":"2025-12-18T08:28:37+00:00","description":"Enabel, het Waals Gewest en de SWDE ondersteunen Tunesi\u00eb bij het duurzaam beheer van het grondwater in het licht van de klimaatuitdagingen.","breadcrumb":{"@id":"https:\/\/www.enabel.be\/nl\/enabel-en-het-waals-gewest-bundelen-hun-krachten-voor-duurzaam-waterbeheer-in-tunesie\/#breadcrumb"},"inLanguage":"nl-NL","potentialAction":[{"@type":"ReadAction","target":["https:\/\/www.enabel.be\/nl\/enabel-en-het-waals-gewest-bundelen-hun-krachten-voor-duurzaam-waterbeheer-in-tunesie\/"]}]},{"@type":"ImageObject","inLanguage":"nl-NL","@id":"https:\/\/www.enabel.be\/nl\/enabel-en-het-waals-gewest-bundelen-hun-krachten-voor-duurzaam-waterbeheer-in-tunesie\/#primaryimage","url":"https:\/\/www.enabel.be\/app\/uploads\/2025\/12\/IMG_0079_RET_MD.jpg","contentUrl":"https:\/\/www.enabel.be\/app\/uploads\/2025\/12\/IMG_0079_RET_MD.jpg","width":2126,"height":1417},{"@type":"BreadcrumbList","@id":"https:\/\/www.enabel.be\/nl\/enabel-en-het-waals-gewest-bundelen-hun-krachten-voor-duurzaam-waterbeheer-in-tunesie\/#breadcrumb","itemListElement":[{"@type":"ListItem","position":1,"name":"Home","item":"https:\/\/www.enabel.be\/nl\/"},{"@type":"ListItem","position":2,"name":"Enabel en het Waals Gewest bundelen hun krachten voor duurzaam waterbeheer in Tunesi\u00eb"}]},{"@type":"WebSite","@id":"https:\/\/www.enabel.be\/nl\/#website","url":"https:\/\/www.enabel.be\/nl\/","name":"Enabel - Belgisch agentschap voor internationale samenwerking","description":"Enabling Change","publisher":{"@id":"https:\/\/www.enabel.be\/nl\/#organization"},"potentialAction":[{"@type":"SearchAction","target":{"@type":"EntryPoint","urlTemplate":"https:\/\/www.enabel.be\/nl\/?s={search_term_string}"},"query-input":{"@type":"PropertyValueSpecification","valueRequired":true,"valueName":"search_term_string"}}],"inLanguage":"nl-NL"},{"@type":"Organization","@id":"https:\/\/www.enabel.be\/nl\/#organization","name":"Enabel - Belgisch agentschap voor internationale samenwerking","url":"https:\/\/www.enabel.be\/nl\/","logo":{"@type":"ImageObject","inLanguage":"nl-NL","@id":"https:\/\/www.enabel.be\/nl\/#\/schema\/logo\/image\/","url":"https:\/\/www.enabel.be\/app\/uploads\/2022\/06\/enabel-logo-color.svg","contentUrl":"https:\/\/www.enabel.be\/app\/uploads\/2022\/06\/enabel-logo-color.svg","width":103,"height":35,"caption":"Enabel - Belgisch agentschap voor internationale samenwerking"},"image":{"@id":"https:\/\/www.enabel.be\/nl\/#\/schema\/logo\/image\/"},"sameAs":["https:\/\/www.facebook.com\/EnabelBelgium\/","https:\/\/x.com\/Enabel_Belgium","https:\/\/www.instagram.com\/enabel_be\/","https:\/\/www.linkedin.com\/company\/enabel\/","https:\/\/www.youtube.com\/channel\/UCHGr3iOQ9n2jORzgtkv5FyQ"]},{"@type":"Person","@id":"https:\/\/www.enabel.be\/nl\/#\/schema\/person\/597df7163be49a3ab375ecde2ec071e8","name":"Blanche"}]}},"acf":[],"_links":{"self":[{"href":"https:\/\/www.enabel.be\/nl\/wp-json\/wp\/v2\/posts\/64017","targetHints":{"allow":["GET"]}}],"collection":[{"href":"https:\/\/www.enabel.be\/nl\/wp-json\/wp\/v2\/posts"}],"about":[{"href":"https:\/\/www.enabel.be\/nl\/wp-json\/wp\/v2\/types\/post"}],"author":[{"embeddable":true,"href":"https:\/\/www.enabel.be\/nl\/wp-json\/wp\/v2\/users\/3"}],"replies":[{"embeddable":true,"href":"https:\/\/www.enabel.be\/nl\/wp-json\/wp\/v2\/comments?post=64017"}],"version-history":[{"count":5,"href":"https:\/\/www.enabel.be\/nl\/wp-json\/wp\/v2\/posts\/64017\/revisions"}],"predecessor-version":[{"id":64110,"href":"https:\/\/www.enabel.be\/nl\/wp-json\/wp\/v2\/posts\/64017\/revisions\/64110"}],"wp:featuredmedia":[{"embeddable":true,"href":"https:\/\/www.enabel.be\/nl\/wp-json\/wp\/v2\/media\/64102"}],"wp:attachment":[{"href":"https:\/\/www.enabel.be\/nl\/wp-json\/wp\/v2\/media?parent=64017"}],"wp:term":[{"taxonomy":"category","embeddable":true,"href":"https:\/\/www.enabel.be\/nl\/wp-json\/wp\/v2\/categories?post=64017"},{"taxonomy":"post_tag","embeddable":true,"href":"https:\/\/www.enabel.be\/nl\/wp-json\/wp\/v2\/tags?post=64017"},{"taxonomy":"classifications","embeddable":true,"href":"https:\/\/www.enabel.be\/nl\/wp-json\/wp\/v2\/classifications?post=64017"}],"curies":[{"name":"wp","href":"https:\/\/api.w.org\/{rel}","templated":true}]}}