{"id":65756,"date":"2026-02-06T09:47:44","date_gmt":"2026-02-06T09:47:44","guid":{"rendered":"https:\/\/www.enabel.be\/?p=65756"},"modified":"2026-02-27T09:33:58","modified_gmt":"2026-02-27T09:33:58","slug":"colruyt-group-foundation-en-enabel-lanceren-de-youth-incubator","status":"publish","type":"post","link":"https:\/\/www.enabel.be\/nl\/colruyt-group-foundation-en-enabel-lanceren-de-youth-incubator\/","title":{"rendered":"Colruyt Group Foundation en Enabel lanceren de Youth Incubator"},"content":{"rendered":"<header class=\"header--news pt-10 lg:pt-40 pb-16 relative \">\n    <div class=\"z-10 container grid grid-cols-12\">\n        <div class=\"group group-h5:bg-primary-500 col-span-12 md:col-span-10 col-padding col-start-1 md:col-start-2 text-center\">\n                            <p>Nieuws<\/p>\n                                                    <h1>Colruyt Group Foundation en Enabel lanceren de Youth Incubator<\/h1>\n                                        <p class=\"h4 mb-10\">Uniek publiek-privaat partnerschap voor de realisatie van projecten op het gebied van internationale samenwerking<\/p>\n            \n            <img decoding=\"async\" width=\"1920\" height=\"1080\" src=\"https:\/\/www.enabel.be\/app\/uploads\/2026\/02\/Stefan-Goethaert-Jean-Van-Wetter_RET.jpg\" class=\"mt-20 w-full h-auto max-h-[600px] object-cover object-center rounded-lg wp-post-image\" alt=\"stefan goethaert and jean van wetter sitting at a table\" srcset=\"https:\/\/www.enabel.be\/app\/uploads\/2026\/02\/Stefan-Goethaert-Jean-Van-Wetter_RET.jpg 1920w, https:\/\/www.enabel.be\/app\/uploads\/2026\/02\/Stefan-Goethaert-Jean-Van-Wetter_RET-300x169.jpg 300w, https:\/\/www.enabel.be\/app\/uploads\/2026\/02\/Stefan-Goethaert-Jean-Van-Wetter_RET-1024x576.jpg 1024w, https:\/\/www.enabel.be\/app\/uploads\/2026\/02\/Stefan-Goethaert-Jean-Van-Wetter_RET-768x432.jpg 768w, https:\/\/www.enabel.be\/app\/uploads\/2026\/02\/Stefan-Goethaert-Jean-Van-Wetter_RET-1536x864.jpg 1536w, https:\/\/www.enabel.be\/app\/uploads\/2026\/02\/Stefan-Goethaert-Jean-Van-Wetter_RET-550x309.jpg 550w\" sizes=\"(max-width: 1920px) 100vw, 1920px\" \/>\n        <\/div>\n    <\/div>\n<\/header>\n\n<section class=\"section--article-content\">\n    <div class=\"container grid grid-cols-12\">\n        <div class=\"col-span-12 col-start-1 md:col-span-8 md:col-start-3\">\n            <h3 style=\"text-align: center;\"><span class=\"text-primary-500\">Halle, februari 2026 &#8211; Colruyt Group Foundation en Enabel lanceren vandaag de Youth Incubator, een vijfjarig project dat jongeren begeleidt en ondersteunt bij het ontwikkelen van impactvolle projecten rond internationale samenwerking. In tijden van budgettaire besparingen zou dit publiek-privaat partnerschap wel eens de nieuwe norm kunnen worden voor de ondersteuning van maatschappelijke projecten.<\/span><\/h3>\n<p>&nbsp;<\/p>\n<p>De Youth Incubator is ontstaan vanuit de vaststelling dat veel jongeren zich zorgen maken over de toekomst. Klimaatverandering, internationale conflicten, sociale ongelijkheid: jongeren voelen de urgentie. Ze willen dan ook actief bijdragen aan een meer rechtvaardige en duurzame wereld. Tegelijkertijd weten jongeren niet altijd waar ze terechtkunnen1, vinden ze dat bestaande initiatieven weinig flexibiliteit bieden2 of dat die initiatieven onvoldoende diversiteit garanderen.<\/p>\n\n        <\/div>\n    <\/div>\n<\/section>\n\n\n<div class=\"relative max-w-7xl mx-auto pt-20 pb-12 px-4 sm:px-6 lg:px-8 lg:py-20 overflow-hidden\">\n        <svg class=\"absolute top-full left-0 transform translate-x-80 -translate-y-24 lg:hidden\" width=\"784\" height=\"404\" fill=\"none\" viewBox=\"0 0 784 404\" aria-hidden=\"true\">\n            <defs>\n                <pattern id=\"e56e3f81-d9c1-4b83-a3ba-0d0ac8c32f32\" x=\"0\" y=\"0\" width=\"20\" height=\"20\" patternUnits=\"userSpaceOnUse\">\n                    <rect x=\"0\" y=\"0\" width=\"4\" height=\"4\" class=\"text-gray-200\" fill=\"currentColor\" \/>\n                <\/pattern>\n            <\/defs>\n            <rect width=\"784\" height=\"404\" fill=\"url(#e56e3f81-d9c1-4b83-a3ba-0d0ac8c32f32)\" \/>\n        <\/svg>\n\n        <svg class=\"hidden lg:block absolute right-full top-1\/2 transform translate-x-1\/2 -translate-y-1\/2\" width=\"404\" height=\"784\" fill=\"none\" viewBox=\"0 0 404 784\" aria-hidden=\"true\">\n            <defs>\n                <pattern id=\"56409614-3d62-4985-9a10-7ca758a8f4f0\" x=\"0\" y=\"0\" width=\"20\" height=\"20\" patternUnits=\"userSpaceOnUse\">\n                    <rect x=\"0\" y=\"0\" width=\"4\" height=\"4\" class=\"text-gray-200\" fill=\"currentColor\" \/>\n                <\/pattern>\n            <\/defs>\n            <rect width=\"404\" height=\"784\" fill=\"url(#56409614-3d62-4985-9a10-7ca758a8f4f0)\" \/>\n        <\/svg>\n\n        <div class=\"relative lg:flex lg:items-center\">\n            \n            <div class=\"relative lg:ml-10\">\n                <svg class=\"absolute top-0 left-0 transform -translate-x-8 -translate-y-24 h-36 w-36 text-indigo-200 opacity-50\" stroke=\"currentColor\" fill=\"none\" viewBox=\"0 0 144 144\" aria-hidden=\"true\">\n                    <path stroke-width=\"2\" d=\"M41.485 15C17.753 31.753 1 59.208 1 89.455c0 24.664 14.891 39.09 32.109 39.09 16.287 0 28.386-13.03 28.386-28.387 0-15.356-10.703-26.524-24.663-26.524-2.792 0-6.515.465-7.446.93 2.327-15.821 17.218-34.435 32.11-43.742L41.485 15zm80.04 0c-23.268 16.753-40.02 44.208-40.02 74.455 0 24.664 14.891 39.09 32.109 39.09 15.822 0 28.386-13.03 28.386-28.387 0-15.356-11.168-26.524-25.129-26.524-2.792 0-6.049.465-6.98.93 2.327-15.821 16.753-34.435 31.644-43.742L121.525 15z\" \/>\n                <\/svg>\n                <blockquote class=\"relative\">\n                                        <div class=\"text-2xl leading-9 font-medium text-gray-900\">\n                        <p>\u201cWij geloven dat jongeren een krachtige hefboom zijn voor sociale verandering. Met de Youth Incubator willen we jongeren de juiste ondersteuning bieden om hun idee\u00ebn rond internationale samenwerking uit te werken en hen te versterken als wereldburgers\u201d<\/p>\n\n                    <\/div>\n                    <footer class=\"mt-8\">\n                        <div class=\"flex\">\n                            <div class=\"flex-shrink-0 lg:hidden\">\n                                <img decoding=\"async\" class=\"h-12 w-12 rounded-full\" src=\"https:\/\/www.enabel.be\/app\/uploads\/2025\/07\/Stefan_Goethaert_GF_480x480.jpg\" alt=\"Stefan Goethaert\">\n                            <\/div>\n                            <div class=\"ml-4 lg:ml-0\">\n                                <div class=\"text-base font-medium text-gray-900\">Stefan Goethaert<\/div>\n                                                                    <div class=\"font-optima text-base font-medium text-primary-500\">Voorzitter Colruyt Group Foundation<\/div>\n                                                            <\/div>\n                        <\/div>\n                    <\/footer>\n                <\/blockquote>\n            <\/div>\n\n                            <div class=\"hidden lg:block lg:flex-shrink-0\">\n                    <img decoding=\"async\" class=\"h-64 w-64 rounded-full xl:h-80 xl:w-80\" src=\"https:\/\/www.enabel.be\/app\/uploads\/2025\/07\/Stefan_Goethaert_GF_480x480.jpg\" alt=\"Stefan Goethaert\">\n                <\/div>\n                    <\/div>\n    <\/div>\n\n\n<section class=\"section--article-content\">\n    <div class=\"container grid grid-cols-12\">\n        <div class=\"col-span-12 col-start-1 md:col-span-8 md:col-start-3\">\n            <p>De Youth Incubator is een begeleidingstraject dat focust op het versterken van vaardigheden, kennis, persoonlijke groei en (internationale) netwerking. De concrete inhoud van het traject wordt afgestemd op de noden van de jongeren, met bijvoorbeeld workshops over het effici\u00ebnt pitchen van een project, fondsenwerving, en krijgen daarnaast begeleiding van inhoudelijke experten en mentoren.<\/p>\n<blockquote><p><span class=\"text-primary-500\"><em>\u201cJongeren worden in verbinding gebracht met elkaar en met ge\u00ebngageerde jongeren wereldwijd. Zo bieden we hen concrete kansen om hun projecten te realiseren, zowel in Belgi\u00eb als elders in de wereld. Denk bijvoorbeeld aan een podcastreeks over vrede in Oekra\u00efne of een documentaire over de impact van klimaatverandering op de voedselketen in Belgi\u00eb en Benin\u201d<\/em>, verduidelijkt Jean Van Wetter, CEO van Enabel.<\/span><\/p><\/blockquote>\n<p>In dit project stellen Colruyt Group Foundation en BeGlobal (het jongerenprogramma van Enabel) hun expertise, netwerk en budget ter beschikking voor jongeren tussen 18 en 35 jaar uit Belgi\u00eb en de partnerlanden. Het project werkt bovendien samen met diverse (jongeren)organisaties, zoals YOUCA en Globelink, die al jaren ervaring hebben met het mobiliseren van jongeren rond mondiale thema\u2019s.<br \/>\nZe kunnen op drie manieren deelnemen aan de incubator: via jongerenorganisaties, via een projectoproep in Belgi\u00eb en in een latere fase via een projectoproep in \u00e9\u00e9n van de partnerlanden. Elk traject volgt zijn eigen verloop van maximaal twee jaar.<\/p>\n<p>De ambitie van de Youth Incubator voor de komende vijf jaar is om 90 jongeren te begeleiden. Dat komt neer op ongeveer 34 projecten met 1 tot 4 jongeren per project. Enkele van deze projecten zullen geselecteerd worden voor extra ondersteuning om zo verder uit te groeien tot duurzame initiatieven. De jongerenorganisaties starten in februari met de eerste fase van het project en de eerste projectoproep wordt in de zomer van 2026 gedaan.<\/p>\n<p>De samenwerking tussen de Colruyt Group Foundation en BeGlobal (Enabel) is een uniek en innovatief partnerschap, waarbij de krachten van een bedrijfsstichting en een publieke speler elkaar aanvullen. Daarnaast is de incubator voor Enabel de eerste samenwerking in Belgi\u00eb met een private actor. <em>\u201cDe incubator sluit nauw aan bij de visie van Colruyt Group Foundation, die jongeren benadert als de ondernemers van hun eigen leven, met oog voor hun persoonlijke ontwikkeling\u201d<\/em>, legt Stefan Goethaert uit, Voorzitter Colruyt Group Foundation.<\/p>\n<p>Jean Van Wetter, CEO van Enabel beaamt dat en vult aan: <em>\u201cAls we jongeren kansen geven om zich te engageren en samen te werken over grenzen heen, versterken we niet alleen hun kennis over mondiale uitdagingen, maar ook hun geloof en vermogen om bij te dragen aan een meer duurzame en rechtvaardige wereld.\u201d<\/em><\/p>\n<p>&nbsp;<\/p>\n<hr \/>\n<p><span style=\"font-size: 14pt;\">Meer info over het project:<br \/>\n<\/span><br \/>\n<a href=\"https:\/\/colruytgroupfoundation.org\/nl\" target=\"_blank\" rel=\"noopener\">Website Colruyt Group Foundation<\/a><br \/>\n<a href=\"https:\/\/beglobal.enabel.be\/?lang=en\" target=\"_blank\" rel=\"noopener\">Website BeGlobal, Enabel&#8217;s expertise centre for global citizenship education<\/a><\/p>\n<ul style=\"list-style-type: disc;\">\n<li>Voor alle informatievragen kan u contact opnemen met Evelien Defossez (project officer, Enabel): evelien.defossez@enabel.be<\/li>\n<li>Voor alle interviewaanvragen kan u contact opnemen met:<br \/>\nNo\u00e9mie Marquet (communication officer, Enabel): no\u00e9mie.marquet@enabel.be<br \/>\nAm\u00e9lie Putmans (persverantwoordelijke, Colruyt Group Foundation): am\u00e9lie.putmans@colruytgroup.com<\/li>\n<\/ul>\n<p>&nbsp;<\/p>\n<p><sup>1 <a href=\"https:\/\/www.methos.eu\/nl\/projecten\/jongeren-en-engagement\" target=\"_blank\" rel=\"noopener\">Jongeren en hun engagement &#8211; M\u00e9thos<\/a><\/sup><br \/>\n<sup>2 <a href=\"https:\/\/planinternational.be\/nl-be\/publicaties\/jongeren-internationale-solidariteit\" target=\"_blank\" rel=\"noopener\">Jongeren en internationale solidariteit<\/a><\/sup><\/p>\n<p>&nbsp;<\/p>\n\n        <\/div>\n    <\/div>\n<\/section>\n\n\n\n<p><\/p>\n","protected":false},"excerpt":{"rendered":"","protected":false},"author":3,"featured_media":66600,"comment_status":"closed","ping_status":"closed","sticky":false,"template":"","format":"standard","meta":{"_acf_changed":false,"inline_featured_image":false,"footnotes":""},"categories":[16],"tags":[],"classifications":[],"class_list":["post-65756","post","type-post","status-publish","format-standard","has-post-thumbnail","hentry","category-nieuws"],"yoast_head":"<!-- This site is optimized with the Yoast SEO plugin v25.9 - https:\/\/yoast.com\/wordpress\/plugins\/seo\/ -->\n<title>Colruyt Group Foundation en Enabel lanceren de Youth Incubator - Enabel - Belgisch agentschap voor internationale samenwerking<\/title>\n<meta name=\"description\" content=\"Colruyt Group Foundation en Enabel lanceren de Youth Incubator om jongeren te begeleiden bij duurzame projecten rond internationale samenwerking.\" \/>\n<meta name=\"robots\" content=\"index, follow, max-snippet:-1, max-image-preview:large, max-video-preview:-1\" \/>\n<link rel=\"canonical\" href=\"https:\/\/www.enabel.be\/nl\/colruyt-group-foundation-en-enabel-lanceren-de-youth-incubator\/\" \/>\n<meta property=\"og:locale\" content=\"nl_NL\" \/>\n<meta property=\"og:type\" content=\"article\" \/>\n<meta property=\"og:title\" content=\"Colruyt Group Foundation en Enabel lanceren de Youth Incubator - Enabel - Belgisch agentschap voor internationale samenwerking\" \/>\n<meta property=\"og:description\" content=\"Colruyt Group Foundation en Enabel lanceren de Youth Incubator om jongeren te begeleiden bij duurzame projecten rond internationale samenwerking.\" \/>\n<meta property=\"og:url\" content=\"https:\/\/www.enabel.be\/nl\/colruyt-group-foundation-en-enabel-lanceren-de-youth-incubator\/\" \/>\n<meta property=\"og:site_name\" content=\"Enabel - Belgisch agentschap voor internationale samenwerking\" \/>\n<meta property=\"article:publisher\" content=\"https:\/\/www.facebook.com\/EnabelBelgium\/\" \/>\n<meta property=\"article:published_time\" content=\"2026-02-06T09:47:44+00:00\" \/>\n<meta property=\"article:modified_time\" content=\"2026-02-27T09:33:58+00:00\" \/>\n<meta property=\"og:image\" content=\"https:\/\/www.enabel.be\/app\/uploads\/2026\/02\/Stefan-Goethaert-Jean-Van-Wetter_RET.jpg\" \/>\n\t<meta property=\"og:image:width\" content=\"1920\" \/>\n\t<meta property=\"og:image:height\" content=\"1080\" \/>\n\t<meta property=\"og:image:type\" content=\"image\/jpeg\" \/>\n<meta name=\"author\" content=\"Blanche\" \/>\n<meta name=\"twitter:card\" content=\"summary_large_image\" \/>\n<meta name=\"twitter:creator\" content=\"@Enabel_Belgium\" \/>\n<meta name=\"twitter:site\" content=\"@Enabel_Belgium\" \/>\n<meta name=\"twitter:label1\" content=\"Written by\" \/>\n\t<meta name=\"twitter:data1\" content=\"Blanche\" \/>\n\t<meta name=\"twitter:label2\" content=\"Est. reading time\" \/>\n\t<meta name=\"twitter:data2\" content=\"4 minuten\" \/>\n<script type=\"application\/ld+json\" class=\"yoast-schema-graph\">{\"@context\":\"https:\/\/schema.org\",\"@graph\":[{\"@type\":\"Article\",\"@id\":\"https:\/\/www.enabel.be\/nl\/colruyt-group-foundation-en-enabel-lanceren-de-youth-incubator\/#article\",\"isPartOf\":{\"@id\":\"https:\/\/www.enabel.be\/nl\/colruyt-group-foundation-en-enabel-lanceren-de-youth-incubator\/\"},\"author\":{\"name\":\"Blanche\",\"@id\":\"https:\/\/www.enabel.be\/nl\/#\/schema\/person\/597df7163be49a3ab375ecde2ec071e8\"},\"headline\":\"Colruyt Group Foundation en Enabel lanceren de Youth Incubator\",\"datePublished\":\"2026-02-06T09:47:44+00:00\",\"dateModified\":\"2026-02-27T09:33:58+00:00\",\"mainEntityOfPage\":{\"@id\":\"https:\/\/www.enabel.be\/nl\/colruyt-group-foundation-en-enabel-lanceren-de-youth-incubator\/\"},\"wordCount\":9,\"publisher\":{\"@id\":\"https:\/\/www.enabel.be\/nl\/#organization\"},\"image\":{\"@id\":\"https:\/\/www.enabel.be\/nl\/colruyt-group-foundation-en-enabel-lanceren-de-youth-incubator\/#primaryimage\"},\"thumbnailUrl\":\"https:\/\/www.enabel.be\/app\/uploads\/2026\/02\/Stefan-Goethaert-Jean-Van-Wetter_RET.jpg\",\"articleSection\":[\"Nieuws\"],\"inLanguage\":\"nl-NL\"},{\"@type\":\"WebPage\",\"@id\":\"https:\/\/www.enabel.be\/nl\/colruyt-group-foundation-en-enabel-lanceren-de-youth-incubator\/\",\"url\":\"https:\/\/www.enabel.be\/nl\/colruyt-group-foundation-en-enabel-lanceren-de-youth-incubator\/\",\"name\":\"Colruyt Group Foundation en Enabel lanceren de Youth Incubator - Enabel - Belgisch agentschap voor internationale samenwerking\",\"isPartOf\":{\"@id\":\"https:\/\/www.enabel.be\/nl\/#website\"},\"primaryImageOfPage\":{\"@id\":\"https:\/\/www.enabel.be\/nl\/colruyt-group-foundation-en-enabel-lanceren-de-youth-incubator\/#primaryimage\"},\"image\":{\"@id\":\"https:\/\/www.enabel.be\/nl\/colruyt-group-foundation-en-enabel-lanceren-de-youth-incubator\/#primaryimage\"},\"thumbnailUrl\":\"https:\/\/www.enabel.be\/app\/uploads\/2026\/02\/Stefan-Goethaert-Jean-Van-Wetter_RET.jpg\",\"datePublished\":\"2026-02-06T09:47:44+00:00\",\"dateModified\":\"2026-02-27T09:33:58+00:00\",\"description\":\"Colruyt Group Foundation en Enabel lanceren de Youth Incubator om jongeren te begeleiden bij duurzame projecten rond internationale samenwerking.\",\"breadcrumb\":{\"@id\":\"https:\/\/www.enabel.be\/nl\/colruyt-group-foundation-en-enabel-lanceren-de-youth-incubator\/#breadcrumb\"},\"inLanguage\":\"nl-NL\",\"potentialAction\":[{\"@type\":\"ReadAction\",\"target\":[\"https:\/\/www.enabel.be\/nl\/colruyt-group-foundation-en-enabel-lanceren-de-youth-incubator\/\"]}]},{\"@type\":\"ImageObject\",\"inLanguage\":\"nl-NL\",\"@id\":\"https:\/\/www.enabel.be\/nl\/colruyt-group-foundation-en-enabel-lanceren-de-youth-incubator\/#primaryimage\",\"url\":\"https:\/\/www.enabel.be\/app\/uploads\/2026\/02\/Stefan-Goethaert-Jean-Van-Wetter_RET.jpg\",\"contentUrl\":\"https:\/\/www.enabel.be\/app\/uploads\/2026\/02\/Stefan-Goethaert-Jean-Van-Wetter_RET.jpg\",\"width\":1920,\"height\":1080,\"caption\":\"stefan goethaert and jean van wetter sitting at a table\"},{\"@type\":\"BreadcrumbList\",\"@id\":\"https:\/\/www.enabel.be\/nl\/colruyt-group-foundation-en-enabel-lanceren-de-youth-incubator\/#breadcrumb\",\"itemListElement\":[{\"@type\":\"ListItem\",\"position\":1,\"name\":\"Home\",\"item\":\"https:\/\/www.enabel.be\/nl\/\"},{\"@type\":\"ListItem\",\"position\":2,\"name\":\"Colruyt Group Foundation en Enabel lanceren de Youth Incubator\"}]},{\"@type\":\"WebSite\",\"@id\":\"https:\/\/www.enabel.be\/nl\/#website\",\"url\":\"https:\/\/www.enabel.be\/nl\/\",\"name\":\"Enabel - Belgisch agentschap voor internationale samenwerking\",\"description\":\"Enabling Change\",\"publisher\":{\"@id\":\"https:\/\/www.enabel.be\/nl\/#organization\"},\"potentialAction\":[{\"@type\":\"SearchAction\",\"target\":{\"@type\":\"EntryPoint\",\"urlTemplate\":\"https:\/\/www.enabel.be\/nl\/?s={search_term_string}\"},\"query-input\":{\"@type\":\"PropertyValueSpecification\",\"valueRequired\":true,\"valueName\":\"search_term_string\"}}],\"inLanguage\":\"nl-NL\"},{\"@type\":\"Organization\",\"@id\":\"https:\/\/www.enabel.be\/nl\/#organization\",\"name\":\"Enabel - Belgisch agentschap voor internationale samenwerking\",\"url\":\"https:\/\/www.enabel.be\/nl\/\",\"logo\":{\"@type\":\"ImageObject\",\"inLanguage\":\"nl-NL\",\"@id\":\"https:\/\/www.enabel.be\/nl\/#\/schema\/logo\/image\/\",\"url\":\"https:\/\/www.enabel.be\/app\/uploads\/2022\/06\/enabel-logo-color.svg\",\"contentUrl\":\"https:\/\/www.enabel.be\/app\/uploads\/2022\/06\/enabel-logo-color.svg\",\"width\":103,\"height\":35,\"caption\":\"Enabel - Belgisch agentschap voor internationale samenwerking\"},\"image\":{\"@id\":\"https:\/\/www.enabel.be\/nl\/#\/schema\/logo\/image\/\"},\"sameAs\":[\"https:\/\/www.facebook.com\/EnabelBelgium\/\",\"https:\/\/x.com\/Enabel_Belgium\",\"https:\/\/www.instagram.com\/enabel_be\/\",\"https:\/\/www.linkedin.com\/company\/enabel\/\",\"https:\/\/www.youtube.com\/channel\/UCHGr3iOQ9n2jORzgtkv5FyQ\"]},{\"@type\":\"Person\",\"@id\":\"https:\/\/www.enabel.be\/nl\/#\/schema\/person\/597df7163be49a3ab375ecde2ec071e8\",\"name\":\"Blanche\"}]}<\/script>\n<!-- \/ Yoast SEO plugin. -->","yoast_head_json":{"title":"Colruyt Group Foundation en Enabel lanceren de Youth Incubator - Enabel - Belgisch agentschap voor internationale samenwerking","description":"Colruyt Group Foundation en Enabel lanceren de Youth Incubator om jongeren te begeleiden bij duurzame projecten rond internationale samenwerking.","robots":{"index":"index","follow":"follow","max-snippet":"max-snippet:-1","max-image-preview":"max-image-preview:large","max-video-preview":"max-video-preview:-1"},"canonical":"https:\/\/www.enabel.be\/nl\/colruyt-group-foundation-en-enabel-lanceren-de-youth-incubator\/","og_locale":"nl_NL","og_type":"article","og_title":"Colruyt Group Foundation en Enabel lanceren de Youth Incubator - Enabel - Belgisch agentschap voor internationale samenwerking","og_description":"Colruyt Group Foundation en Enabel lanceren de Youth Incubator om jongeren te begeleiden bij duurzame projecten rond internationale samenwerking.","og_url":"https:\/\/www.enabel.be\/nl\/colruyt-group-foundation-en-enabel-lanceren-de-youth-incubator\/","og_site_name":"Enabel - Belgisch agentschap voor internationale samenwerking","article_publisher":"https:\/\/www.facebook.com\/EnabelBelgium\/","article_published_time":"2026-02-06T09:47:44+00:00","article_modified_time":"2026-02-27T09:33:58+00:00","og_image":[{"width":1920,"height":1080,"url":"https:\/\/www.enabel.be\/app\/uploads\/2026\/02\/Stefan-Goethaert-Jean-Van-Wetter_RET.jpg","type":"image\/jpeg"}],"author":"Blanche","twitter_card":"summary_large_image","twitter_creator":"@Enabel_Belgium","twitter_site":"@Enabel_Belgium","twitter_misc":{"Written by":"Blanche","Est. reading time":"4 minuten"},"schema":{"@context":"https:\/\/schema.org","@graph":[{"@type":"Article","@id":"https:\/\/www.enabel.be\/nl\/colruyt-group-foundation-en-enabel-lanceren-de-youth-incubator\/#article","isPartOf":{"@id":"https:\/\/www.enabel.be\/nl\/colruyt-group-foundation-en-enabel-lanceren-de-youth-incubator\/"},"author":{"name":"Blanche","@id":"https:\/\/www.enabel.be\/nl\/#\/schema\/person\/597df7163be49a3ab375ecde2ec071e8"},"headline":"Colruyt Group Foundation en Enabel lanceren de Youth Incubator","datePublished":"2026-02-06T09:47:44+00:00","dateModified":"2026-02-27T09:33:58+00:00","mainEntityOfPage":{"@id":"https:\/\/www.enabel.be\/nl\/colruyt-group-foundation-en-enabel-lanceren-de-youth-incubator\/"},"wordCount":9,"publisher":{"@id":"https:\/\/www.enabel.be\/nl\/#organization"},"image":{"@id":"https:\/\/www.enabel.be\/nl\/colruyt-group-foundation-en-enabel-lanceren-de-youth-incubator\/#primaryimage"},"thumbnailUrl":"https:\/\/www.enabel.be\/app\/uploads\/2026\/02\/Stefan-Goethaert-Jean-Van-Wetter_RET.jpg","articleSection":["Nieuws"],"inLanguage":"nl-NL"},{"@type":"WebPage","@id":"https:\/\/www.enabel.be\/nl\/colruyt-group-foundation-en-enabel-lanceren-de-youth-incubator\/","url":"https:\/\/www.enabel.be\/nl\/colruyt-group-foundation-en-enabel-lanceren-de-youth-incubator\/","name":"Colruyt Group Foundation en Enabel lanceren de Youth Incubator - Enabel - Belgisch agentschap voor internationale samenwerking","isPartOf":{"@id":"https:\/\/www.enabel.be\/nl\/#website"},"primaryImageOfPage":{"@id":"https:\/\/www.enabel.be\/nl\/colruyt-group-foundation-en-enabel-lanceren-de-youth-incubator\/#primaryimage"},"image":{"@id":"https:\/\/www.enabel.be\/nl\/colruyt-group-foundation-en-enabel-lanceren-de-youth-incubator\/#primaryimage"},"thumbnailUrl":"https:\/\/www.enabel.be\/app\/uploads\/2026\/02\/Stefan-Goethaert-Jean-Van-Wetter_RET.jpg","datePublished":"2026-02-06T09:47:44+00:00","dateModified":"2026-02-27T09:33:58+00:00","description":"Colruyt Group Foundation en Enabel lanceren de Youth Incubator om jongeren te begeleiden bij duurzame projecten rond internationale samenwerking.","breadcrumb":{"@id":"https:\/\/www.enabel.be\/nl\/colruyt-group-foundation-en-enabel-lanceren-de-youth-incubator\/#breadcrumb"},"inLanguage":"nl-NL","potentialAction":[{"@type":"ReadAction","target":["https:\/\/www.enabel.be\/nl\/colruyt-group-foundation-en-enabel-lanceren-de-youth-incubator\/"]}]},{"@type":"ImageObject","inLanguage":"nl-NL","@id":"https:\/\/www.enabel.be\/nl\/colruyt-group-foundation-en-enabel-lanceren-de-youth-incubator\/#primaryimage","url":"https:\/\/www.enabel.be\/app\/uploads\/2026\/02\/Stefan-Goethaert-Jean-Van-Wetter_RET.jpg","contentUrl":"https:\/\/www.enabel.be\/app\/uploads\/2026\/02\/Stefan-Goethaert-Jean-Van-Wetter_RET.jpg","width":1920,"height":1080,"caption":"stefan goethaert and jean van wetter sitting at a table"},{"@type":"BreadcrumbList","@id":"https:\/\/www.enabel.be\/nl\/colruyt-group-foundation-en-enabel-lanceren-de-youth-incubator\/#breadcrumb","itemListElement":[{"@type":"ListItem","position":1,"name":"Home","item":"https:\/\/www.enabel.be\/nl\/"},{"@type":"ListItem","position":2,"name":"Colruyt Group Foundation en Enabel lanceren de Youth Incubator"}]},{"@type":"WebSite","@id":"https:\/\/www.enabel.be\/nl\/#website","url":"https:\/\/www.enabel.be\/nl\/","name":"Enabel - Belgisch agentschap voor internationale samenwerking","description":"Enabling Change","publisher":{"@id":"https:\/\/www.enabel.be\/nl\/#organization"},"potentialAction":[{"@type":"SearchAction","target":{"@type":"EntryPoint","urlTemplate":"https:\/\/www.enabel.be\/nl\/?s={search_term_string}"},"query-input":{"@type":"PropertyValueSpecification","valueRequired":true,"valueName":"search_term_string"}}],"inLanguage":"nl-NL"},{"@type":"Organization","@id":"https:\/\/www.enabel.be\/nl\/#organization","name":"Enabel - Belgisch agentschap voor internationale samenwerking","url":"https:\/\/www.enabel.be\/nl\/","logo":{"@type":"ImageObject","inLanguage":"nl-NL","@id":"https:\/\/www.enabel.be\/nl\/#\/schema\/logo\/image\/","url":"https:\/\/www.enabel.be\/app\/uploads\/2022\/06\/enabel-logo-color.svg","contentUrl":"https:\/\/www.enabel.be\/app\/uploads\/2022\/06\/enabel-logo-color.svg","width":103,"height":35,"caption":"Enabel - Belgisch agentschap voor internationale samenwerking"},"image":{"@id":"https:\/\/www.enabel.be\/nl\/#\/schema\/logo\/image\/"},"sameAs":["https:\/\/www.facebook.com\/EnabelBelgium\/","https:\/\/x.com\/Enabel_Belgium","https:\/\/www.instagram.com\/enabel_be\/","https:\/\/www.linkedin.com\/company\/enabel\/","https:\/\/www.youtube.com\/channel\/UCHGr3iOQ9n2jORzgtkv5FyQ"]},{"@type":"Person","@id":"https:\/\/www.enabel.be\/nl\/#\/schema\/person\/597df7163be49a3ab375ecde2ec071e8","name":"Blanche"}]}},"acf":[],"_links":{"self":[{"href":"https:\/\/www.enabel.be\/nl\/wp-json\/wp\/v2\/posts\/65756","targetHints":{"allow":["GET"]}}],"collection":[{"href":"https:\/\/www.enabel.be\/nl\/wp-json\/wp\/v2\/posts"}],"about":[{"href":"https:\/\/www.enabel.be\/nl\/wp-json\/wp\/v2\/types\/post"}],"author":[{"embeddable":true,"href":"https:\/\/www.enabel.be\/nl\/wp-json\/wp\/v2\/users\/3"}],"replies":[{"embeddable":true,"href":"https:\/\/www.enabel.be\/nl\/wp-json\/wp\/v2\/comments?post=65756"}],"version-history":[{"count":8,"href":"https:\/\/www.enabel.be\/nl\/wp-json\/wp\/v2\/posts\/65756\/revisions"}],"predecessor-version":[{"id":65821,"href":"https:\/\/www.enabel.be\/nl\/wp-json\/wp\/v2\/posts\/65756\/revisions\/65821"}],"wp:featuredmedia":[{"embeddable":true,"href":"https:\/\/www.enabel.be\/nl\/wp-json\/wp\/v2\/media\/66600"}],"wp:attachment":[{"href":"https:\/\/www.enabel.be\/nl\/wp-json\/wp\/v2\/media?parent=65756"}],"wp:term":[{"taxonomy":"category","embeddable":true,"href":"https:\/\/www.enabel.be\/nl\/wp-json\/wp\/v2\/categories?post=65756"},{"taxonomy":"post_tag","embeddable":true,"href":"https:\/\/www.enabel.be\/nl\/wp-json\/wp\/v2\/tags?post=65756"},{"taxonomy":"classifications","embeddable":true,"href":"https:\/\/www.enabel.be\/nl\/wp-json\/wp\/v2\/classifications?post=65756"}],"curies":[{"name":"wp","href":"https:\/\/api.w.org\/{rel}","templated":true}]}}