{"id":74256,"date":"2026-08-06T08:15:06","date_gmt":"2026-08-06T08:15:06","guid":{"rendered":"https:\/\/www.enabel.be\/?p=74256"},"modified":"2026-09-02T15:31:30","modified_gmt":"2026-09-02T15:31:30","slug":"het-juniorprogramma-in-2025-een-concrete-impact-voor-jong-talen","status":"publish","type":"post","link":"https:\/\/www.enabel.be\/nl\/het-juniorprogramma-in-2025-een-concrete-impact-voor-jong-talen\/","title":{"rendered":"Het Juniorprogramma in 2025: een concrete impact voor jong talent"},"content":{"rendered":"<header class=\"header--news pt-10 lg:pt-40 pb-16 relative\">\n    <div class=\"z-10 container grid grid-cols-12\">\n        <div class=\"group group-h5:bg-primary-500 col-span-12 md:col-span-10 col-padding col-start-1 md:col-start-2 text-center\">\n            \n                            <p>Publicaties<\/p>\n                        \n                            <p>6 augustus 2026<\/p>\n                        \n                            <h1>Het Juniorprogramma in 2025<\/h1>\n                        \n                            <p class=\"h4 mb-10\">Een concrete impact voor jong talent<\/p>\n            \n            <img decoding=\"async\" width=\"6848\" height=\"4336\" src=\"https:\/\/www.enabel.be\/app\/uploads\/2026\/08\/JEP-14.jpg\" class=\"mt-20 w-full h-auto max-h-[600px] object-cover object-center rounded-lg wp-post-image\" alt=\"Group of Junior Experts in Entebbe, Uganda.\" srcset=\"https:\/\/www.enabel.be\/app\/uploads\/2026\/08\/JEP-14.jpg 6848w, https:\/\/www.enabel.be\/app\/uploads\/2026\/08\/JEP-14-300x190.jpg 300w, https:\/\/www.enabel.be\/app\/uploads\/2026\/08\/JEP-14-1024x648.jpg 1024w, https:\/\/www.enabel.be\/app\/uploads\/2026\/08\/JEP-14-768x486.jpg 768w, https:\/\/www.enabel.be\/app\/uploads\/2026\/08\/JEP-14-1536x973.jpg 1536w, https:\/\/www.enabel.be\/app\/uploads\/2026\/08\/JEP-14-2048x1297.jpg 2048w\" sizes=\"(max-width: 6848px) 100vw, 6848px\" \/>\n            \n        <\/div>\n    <\/div>\n<\/header>\n\n<section class=\"section--article-content\">\n    <div class=\"container grid grid-cols-12\">\n        <div class=\"col-span-12 col-start-1 md:col-span-8 md:col-start-3\">\n            <h3 style=\"text-align: center;\"><span class=\"text-primary-500\">In 2025 bewees het Juniorprogramma opnieuw zijn waarde. Door jonge professionals een eerste praktijkervaring in de internationale samenwerking te bieden, droeg het programma bij aan de versterking van projecten, de ontwikkeling van sleutelcompetenties en de bevordering van wereldburgerschap. Ontdek in deze publicatie de cijfers, resultaten en getuigenissen die de impact ervan illustreren.<\/span><\/h3>\n<p>&nbsp;<\/p>\n<p>&nbsp;<\/p>\n<p>&nbsp;<\/p>\n<p>&nbsp;<\/p>\n\n        <\/div>\n    <\/div>\n<\/section>\n\n\n<section class=\"section--article-button\">\n    <div class=\"container flex justify-center\">\n                    <a href=\"https:\/\/www.enabel.be\/app\/uploads\/2026\/09\/4-pager-JP-2025-NL.pdf\" class=\"btn-primary card--animation\" >\n\t\t<span>Meer over de impact van het Juniorprogramma in 2025<\/span>\n\t<\/a>\n                    <a href=\"https:\/\/www.enabel.be\/app\/uploads\/2026\/06\/Jaarverslag_2025_Juniorprogramma_final-1.pdf\" class=\"btn-primary card--animation\" >\n\t\t<span>Bekijk het volledige jaarverslag voor 2025 (enkel beschikbaar in het Frans)<\/span>\n\t<\/a>\n            <\/div>\n<\/section>\n\n\n<div style=\"height:45px\" aria-hidden=\"true\" class=\"wp-block-spacer\"><\/div>\n\n\n<section class=\" relative mx-auto overflow-hidden section--last-news bg-primary-50\">\n        <div class=\"container relative z-20 grid items-center grid-flow-row-dense grid-cols-12 gap-8 mb-4\">\n            <div class=\"flex items-center justify-between col-span-12 actions__title\">\n                                <h2 class=\"mb-0 text-white\">D\u2019autres actualit\u00e9s du Programme Junior<\/h2>\n                <div class=\"hidden md:block\">\n                                    <\/div>\n            <\/div>\n        <\/div>\n        <div class=\"container relative z-20 grid grid-flow-row-dense grid-cols-12 gap-8 slick\">\n                                            <a\n    href=\"https:\/\/www.enabel.be\/nl\/wetenschap-in-dienst-van-de-praktijk\/\"\n    class=\"has-cursor card--news | font-normal group text-inherit bg-white no-underline  md:col-span-6 lg:col-span-4 \"\n>\n    <div class=\"news__top relative block min-h-[270px] h-[270px] max-h-[270px] overflow-hidden\">\n        <img decoding=\"async\" width=\"6543\" height=\"4672\" src=\"https:\/\/www.enabel.be\/app\/uploads\/2026\/08\/IMG_9598.jpg\" class=\"w-full h-full object-cover object-center relative z-10 group-hover:bg-white wp-post-image\" alt=\"4 people standing in a circle, talking to each other.\" srcset=\"https:\/\/www.enabel.be\/app\/uploads\/2026\/08\/IMG_9598.jpg 6543w, https:\/\/www.enabel.be\/app\/uploads\/2026\/08\/IMG_9598-300x214.jpg 300w, https:\/\/www.enabel.be\/app\/uploads\/2026\/08\/IMG_9598-1024x731.jpg 1024w, https:\/\/www.enabel.be\/app\/uploads\/2026\/08\/IMG_9598-768x548.jpg 768w, https:\/\/www.enabel.be\/app\/uploads\/2026\/08\/IMG_9598-1536x1097.jpg 1536w\" sizes=\"(max-width: 6543px) 100vw, 6543px\" \/>\n        \n                    <span class=\"btn btn-little | top-[24px] left-[24px] z-20\">Nieuws<\/span>\n            <\/div>\n    <div class=\"px-6 pt-6 pb-10 news__botton\">\n                    <p class=\"text-sm text-gray-500 news__date\">\n                18 augustus 2026\n            <\/p>\n                <p class=\"h5\">Wetenschap in dienst van de praktijk<\/p>\n        <p class=\"text-sm text-gray-500 excerpt\">Jens werkt als Junior Expert in Benin voor Dierenartsen Zonder Grenzen (VSF) waar hij evalutatie-tools uitwerkt en projecten mee opvolgt. <\/p>\n    <\/div>\n            <p class=\"news__more | text-primary-500 font-medium font-semibold mb-0 flex items-center\">\n            Lees meer\n            <i class=\"ml-1 fa-light fa-arrow-right-long\"><\/i>\n        <\/p>\n    <\/a>                                            <a\n    href=\"https:\/\/www.enabel.be\/nl\/entre-ideaux-et-systemes\/\"\n    class=\"has-cursor card--news | font-normal group text-inherit bg-white no-underline  md:col-span-6 lg:col-span-4 \"\n>\n    <div class=\"news__top relative block min-h-[270px] h-[270px] max-h-[270px] overflow-hidden\">\n        <img decoding=\"async\" width=\"1900\" height=\"1200\" src=\"https:\/\/www.enabel.be\/app\/uploads\/2026\/06\/Template-visual-website-main-picture-8.jpg\" class=\"w-full h-full object-cover object-center relative z-10 group-hover:bg-white wp-post-image\" alt=\"4 People taking a selfie while sitting in a car.\" srcset=\"https:\/\/www.enabel.be\/app\/uploads\/2026\/06\/Template-visual-website-main-picture-8.jpg 1900w, https:\/\/www.enabel.be\/app\/uploads\/2026\/06\/Template-visual-website-main-picture-8-300x189.jpg 300w, https:\/\/www.enabel.be\/app\/uploads\/2026\/06\/Template-visual-website-main-picture-8-1024x647.jpg 1024w, https:\/\/www.enabel.be\/app\/uploads\/2026\/06\/Template-visual-website-main-picture-8-768x485.jpg 768w, https:\/\/www.enabel.be\/app\/uploads\/2026\/06\/Template-visual-website-main-picture-8-1536x970.jpg 1536w\" sizes=\"(max-width: 1900px) 100vw, 1900px\" \/>\n        \n                    <span class=\"btn btn-little | top-[24px] left-[24px] z-20\">Nieuws<\/span>\n            <\/div>\n    <div class=\"px-6 pt-6 pb-10 news__botton\">\n                    <p class=\"text-sm text-gray-500 news__date\">\n                10 juni 2026\n            <\/p>\n                <p class=\"h5\">Tussen idealen en systemen<\/p>\n        <p class=\"text-sm text-gray-500 excerpt\">Th\u00e9odore werkte als Junior Expert in Senegal, waar hij samenwerkte met boeren, financi\u00eble instellingen en de priv\u00e9sector. <\/p>\n    <\/div>\n            <p class=\"news__more | text-primary-500 font-medium font-semibold mb-0 flex items-center\">\n            Lees meer\n            <i class=\"ml-1 fa-light fa-arrow-right-long\"><\/i>\n        <\/p>\n    <\/a>                                            <a\n    href=\"https:\/\/www.enabel.be\/nl\/jong-en-geengageerd\/\"\n    class=\"has-cursor card--news | font-normal group text-inherit bg-white no-underline  md:col-span-6 lg:col-span-4 \"\n>\n    <div class=\"news__top relative block min-h-[270px] h-[270px] max-h-[270px] overflow-hidden\">\n        <img decoding=\"async\" width=\"3648\" height=\"2362\" src=\"https:\/\/www.enabel.be\/app\/uploads\/2026\/04\/JEP_13_RET_MD_RGB.jpg\" class=\"w-full h-full object-cover object-center relative z-10 group-hover:bg-white wp-post-image\" alt=\"family picture of juniors\" srcset=\"https:\/\/www.enabel.be\/app\/uploads\/2026\/04\/JEP_13_RET_MD_RGB.jpg 3648w, https:\/\/www.enabel.be\/app\/uploads\/2026\/04\/JEP_13_RET_MD_RGB-300x194.jpg 300w, https:\/\/www.enabel.be\/app\/uploads\/2026\/04\/JEP_13_RET_MD_RGB-1024x663.jpg 1024w, https:\/\/www.enabel.be\/app\/uploads\/2026\/04\/JEP_13_RET_MD_RGB-768x497.jpg 768w, https:\/\/www.enabel.be\/app\/uploads\/2026\/04\/JEP_13_RET_MD_RGB-1536x995.jpg 1536w, https:\/\/www.enabel.be\/app\/uploads\/2026\/04\/JEP_13_RET_MD_RGB-2048x1326.jpg 2048w\" sizes=\"(max-width: 3648px) 100vw, 3648px\" \/>\n        \n                    <span class=\"btn btn-little | top-[24px] left-[24px] z-20\">Nieuws<\/span>\n            <\/div>\n    <div class=\"px-6 pt-6 pb-10 news__botton\">\n                    <p class=\"text-sm text-gray-500 news__date\">\n                10 mei 2026\n            <\/p>\n                <p class=\"h5\">Jong en ge\u00ebngageerd<\/p>\n        <p class=\"text-sm text-gray-500 excerpt\">Enabel betrekt jongeren via BeGlobal, het Juniorprogramma en de Youth Sounding Board bij het vormgeven van de toekomst van internationale samenwerking.<\/p>\n    <\/div>\n            <p class=\"news__more | text-primary-500 font-medium font-semibold mb-0 flex items-center\">\n            Lees meer\n            <i class=\"ml-1 fa-light fa-arrow-right-long\"><\/i>\n        <\/p>\n    <\/a>                                            <a\n    href=\"https:\/\/www.enabel.be\/nl\/monitoring-evaluation-making-the-invisible-visible\/\"\n    class=\"has-cursor card--news | font-normal group text-inherit bg-white no-underline  md:col-span-6 lg:col-span-4 \"\n>\n    <div class=\"news__top relative block min-h-[270px] h-[270px] max-h-[270px] overflow-hidden\">\n        <img decoding=\"async\" width=\"1900\" height=\"1200\" src=\"https:\/\/www.enabel.be\/app\/uploads\/2026\/04\/Template-visual-website-main-picture-5.jpg\" class=\"w-full h-full object-cover object-center relative z-10 group-hover:bg-white wp-post-image\" alt=\"2 people sitting in a chair and writing, a person in a weelchair talking to them.\" srcset=\"https:\/\/www.enabel.be\/app\/uploads\/2026\/04\/Template-visual-website-main-picture-5.jpg 1900w, https:\/\/www.enabel.be\/app\/uploads\/2026\/04\/Template-visual-website-main-picture-5-300x189.jpg 300w, https:\/\/www.enabel.be\/app\/uploads\/2026\/04\/Template-visual-website-main-picture-5-1024x647.jpg 1024w, https:\/\/www.enabel.be\/app\/uploads\/2026\/04\/Template-visual-website-main-picture-5-768x485.jpg 768w, https:\/\/www.enabel.be\/app\/uploads\/2026\/04\/Template-visual-website-main-picture-5-1536x970.jpg 1536w\" sizes=\"(max-width: 1900px) 100vw, 1900px\" \/>\n        \n                    <span class=\"btn btn-little | top-[24px] left-[24px] z-20\">Nieuws<\/span>\n            <\/div>\n    <div class=\"px-6 pt-6 pb-10 news__botton\">\n                    <p class=\"text-sm text-gray-500 news__date\">\n                23 april 2026\n            <\/p>\n                <p class=\"h5\">Monitoring en evaluatie: zichtbaar maken wat anders onzichtbaar blijft.<\/p>\n        <p class=\"text-sm text-gray-500 excerpt\">Maak kennis met Fay, Junior Expert in Mozambique, die klimaatweerbaarheid versterkt en projectimpact zichtbaar maakt via monitoring en leren.<\/p>\n    <\/div>\n            <p class=\"news__more | text-primary-500 font-medium font-semibold mb-0 flex items-center\">\n            Lees meer\n            <i class=\"ml-1 fa-light fa-arrow-right-long\"><\/i>\n        <\/p>\n    <\/a>                    <\/div>\n        <div class=\"container block mt-20 md:hidden\">\n                    <\/div>\n        <svg class=\"left absolute h-[80%] md:h-full w-auto right-0 md:right-[inherit] left-[inherit] top-0 md:left-0 z-10\"\n            width=\"1008\" height=\"890\" viewBox=\"0 0 1008 890\" fill=\"none\" xmlns=\"http:\/\/www.w3.org\/2000\/svg\">\n            <path d=\"M0 0H520V890H0V0Z\" fill=\"#0096BE\" \/>\n            <path\n                d=\"M895.078 417.992C921.292 208.39 981.282 51.9966 1008 0H518V890C677.805 890 859.533 702.206 895.078 417.992Z\"\n                fill=\"#0096BE\" \/>\n        <\/svg>\n    <\/section>\n\n\n\n<p class=\"wp-block-paragraph\"><\/p>\n","protected":false},"excerpt":{"rendered":"","protected":false},"author":264,"featured_media":74257,"comment_status":"closed","ping_status":"closed","sticky":false,"template":"","format":"standard","meta":{"_acf_changed":false,"inline_featured_image":false,"footnotes":""},"categories":[60],"tags":[],"classifications":[191],"class_list":["post-74256","post","type-post","status-publish","format-standard","has-post-thumbnail","hentry","category-publicaties","classifications-juniorprogramma"],"yoast_head":"<!-- This site is optimized with the Yoast SEO plugin v27.7 - https:\/\/yoast.com\/product\/yoast-seo-wordpress\/ -->\n<title>Het Juniorprogramma in 2025: een concrete impact voor jong talent - Enabel - Belgisch agentschap voor internationale samenwerking<\/title>\n<meta name=\"description\" content=\"Ontdek in deze publicatie de cijfers, resultaten en getuigenissen die de impact die het Juniorprogramma in 2025 had illustreren.\" \/>\n<meta name=\"robots\" content=\"index, follow, max-snippet:-1, max-image-preview:large, max-video-preview:-1\" \/>\n<link rel=\"canonical\" href=\"https:\/\/www.enabel.be\/nl\/het-juniorprogramma-in-2025-een-concrete-impact-voor-jong-talen\/\" \/>\n<meta property=\"og:locale\" content=\"nl_NL\" \/>\n<meta property=\"og:type\" content=\"article\" \/>\n<meta property=\"og:title\" content=\"Het Juniorprogramma in 2025: een concrete impact voor jong talent - Enabel - Belgisch agentschap voor internationale samenwerking\" \/>\n<meta property=\"og:description\" content=\"Ontdek in deze publicatie de cijfers, resultaten en getuigenissen die de impact die het Juniorprogramma in 2025 had illustreren.\" \/>\n<meta property=\"og:url\" content=\"https:\/\/www.enabel.be\/nl\/het-juniorprogramma-in-2025-een-concrete-impact-voor-jong-talen\/\" \/>\n<meta property=\"og:site_name\" content=\"Enabel - Belgisch agentschap voor internationale samenwerking\" \/>\n<meta property=\"article:publisher\" content=\"https:\/\/www.facebook.com\/EnabelBelgium\/\" \/>\n<meta property=\"article:published_time\" content=\"2026-08-06T08:15:06+00:00\" \/>\n<meta property=\"article:modified_time\" content=\"2026-09-02T15:31:30+00:00\" \/>\n<meta property=\"og:image\" content=\"https:\/\/www.enabel.be\/app\/uploads\/2026\/08\/JEP-14-1024x648.jpg\" \/>\n\t<meta property=\"og:image:width\" content=\"1024\" \/>\n\t<meta property=\"og:image:height\" content=\"648\" \/>\n\t<meta property=\"og:image:type\" content=\"image\/jpeg\" \/>\n<meta name=\"author\" content=\"thea.mathues@enabel.be\" \/>\n<meta name=\"twitter:card\" content=\"summary_large_image\" \/>\n<meta name=\"twitter:creator\" content=\"@Enabel_Belgium\" \/>\n<meta name=\"twitter:site\" content=\"@Enabel_Belgium\" \/>\n<meta name=\"twitter:label1\" content=\"Written by\" \/>\n\t<meta name=\"twitter:data1\" content=\"thea.mathues@enabel.be\" \/>\n\t<meta name=\"twitter:label2\" content=\"Est. reading time\" \/>\n\t<meta name=\"twitter:data2\" content=\"3 minuten\" \/>\n<script type=\"application\/ld+json\" class=\"yoast-schema-graph\">{\"@context\":\"https:\\\/\\\/schema.org\",\"@graph\":[{\"@type\":\"Article\",\"@id\":\"https:\\\/\\\/www.enabel.be\\\/nl\\\/het-juniorprogramma-in-2025-een-concrete-impact-voor-jong-talen\\\/#article\",\"isPartOf\":{\"@id\":\"https:\\\/\\\/www.enabel.be\\\/nl\\\/het-juniorprogramma-in-2025-een-concrete-impact-voor-jong-talen\\\/\"},\"author\":{\"name\":\"thea.mathues@enabel.be\",\"@id\":\"https:\\\/\\\/www.enabel.be\\\/nl\\\/#\\\/schema\\\/person\\\/75abf3321fd0b975a8c0d5d6169668e2\"},\"headline\":\"Het Juniorprogramma in 2025: een concrete impact voor jong talent\",\"datePublished\":\"2026-08-06T08:15:06+00:00\",\"dateModified\":\"2026-09-02T15:31:30+00:00\",\"mainEntityOfPage\":{\"@id\":\"https:\\\/\\\/www.enabel.be\\\/nl\\\/het-juniorprogramma-in-2025-een-concrete-impact-voor-jong-talen\\\/\"},\"wordCount\":9,\"publisher\":{\"@id\":\"https:\\\/\\\/www.enabel.be\\\/nl\\\/#organization\"},\"image\":{\"@id\":\"https:\\\/\\\/www.enabel.be\\\/nl\\\/het-juniorprogramma-in-2025-een-concrete-impact-voor-jong-talen\\\/#primaryimage\"},\"thumbnailUrl\":\"https:\\\/\\\/www.enabel.be\\\/app\\\/uploads\\\/2026\\\/08\\\/JEP-14.jpg\",\"articleSection\":[\"Publicaties\"],\"inLanguage\":\"nl-NL\"},{\"@type\":\"WebPage\",\"@id\":\"https:\\\/\\\/www.enabel.be\\\/nl\\\/het-juniorprogramma-in-2025-een-concrete-impact-voor-jong-talen\\\/\",\"url\":\"https:\\\/\\\/www.enabel.be\\\/nl\\\/het-juniorprogramma-in-2025-een-concrete-impact-voor-jong-talen\\\/\",\"name\":\"Het Juniorprogramma in 2025: een concrete impact voor jong talent - Enabel - Belgisch agentschap voor internationale samenwerking\",\"isPartOf\":{\"@id\":\"https:\\\/\\\/www.enabel.be\\\/nl\\\/#website\"},\"primaryImageOfPage\":{\"@id\":\"https:\\\/\\\/www.enabel.be\\\/nl\\\/het-juniorprogramma-in-2025-een-concrete-impact-voor-jong-talen\\\/#primaryimage\"},\"image\":{\"@id\":\"https:\\\/\\\/www.enabel.be\\\/nl\\\/het-juniorprogramma-in-2025-een-concrete-impact-voor-jong-talen\\\/#primaryimage\"},\"thumbnailUrl\":\"https:\\\/\\\/www.enabel.be\\\/app\\\/uploads\\\/2026\\\/08\\\/JEP-14.jpg\",\"datePublished\":\"2026-08-06T08:15:06+00:00\",\"dateModified\":\"2026-09-02T15:31:30+00:00\",\"description\":\"Ontdek in deze publicatie de cijfers, resultaten en getuigenissen die de impact die het Juniorprogramma in 2025 had illustreren.\",\"breadcrumb\":{\"@id\":\"https:\\\/\\\/www.enabel.be\\\/nl\\\/het-juniorprogramma-in-2025-een-concrete-impact-voor-jong-talen\\\/#breadcrumb\"},\"inLanguage\":\"nl-NL\",\"potentialAction\":[{\"@type\":\"ReadAction\",\"target\":[\"https:\\\/\\\/www.enabel.be\\\/nl\\\/het-juniorprogramma-in-2025-een-concrete-impact-voor-jong-talen\\\/\"]}]},{\"@type\":\"ImageObject\",\"inLanguage\":\"nl-NL\",\"@id\":\"https:\\\/\\\/www.enabel.be\\\/nl\\\/het-juniorprogramma-in-2025-een-concrete-impact-voor-jong-talen\\\/#primaryimage\",\"url\":\"https:\\\/\\\/www.enabel.be\\\/app\\\/uploads\\\/2026\\\/08\\\/JEP-14.jpg\",\"contentUrl\":\"https:\\\/\\\/www.enabel.be\\\/app\\\/uploads\\\/2026\\\/08\\\/JEP-14.jpg\",\"width\":6848,\"height\":4336,\"caption\":\"Group of Junior Experts in Entebbe, Uganda.\"},{\"@type\":\"BreadcrumbList\",\"@id\":\"https:\\\/\\\/www.enabel.be\\\/nl\\\/het-juniorprogramma-in-2025-een-concrete-impact-voor-jong-talen\\\/#breadcrumb\",\"itemListElement\":[{\"@type\":\"ListItem\",\"position\":1,\"name\":\"Home\",\"item\":\"https:\\\/\\\/www.enabel.be\\\/nl\\\/\"},{\"@type\":\"ListItem\",\"position\":2,\"name\":\"Het Juniorprogramma in 2025: een concrete impact voor jong talent\"}]},{\"@type\":\"WebSite\",\"@id\":\"https:\\\/\\\/www.enabel.be\\\/nl\\\/#website\",\"url\":\"https:\\\/\\\/www.enabel.be\\\/nl\\\/\",\"name\":\"Enabel - Belgisch agentschap voor internationale samenwerking\",\"description\":\"Enabling Change\",\"publisher\":{\"@id\":\"https:\\\/\\\/www.enabel.be\\\/nl\\\/#organization\"},\"potentialAction\":[{\"@type\":\"SearchAction\",\"target\":{\"@type\":\"EntryPoint\",\"urlTemplate\":\"https:\\\/\\\/www.enabel.be\\\/nl\\\/?s={search_term_string}\"},\"query-input\":{\"@type\":\"PropertyValueSpecification\",\"valueRequired\":true,\"valueName\":\"search_term_string\"}}],\"inLanguage\":\"nl-NL\"},{\"@type\":\"Organization\",\"@id\":\"https:\\\/\\\/www.enabel.be\\\/nl\\\/#organization\",\"name\":\"Enabel - Belgisch agentschap voor internationale samenwerking\",\"url\":\"https:\\\/\\\/www.enabel.be\\\/nl\\\/\",\"logo\":{\"@type\":\"ImageObject\",\"inLanguage\":\"nl-NL\",\"@id\":\"https:\\\/\\\/www.enabel.be\\\/nl\\\/#\\\/schema\\\/logo\\\/image\\\/\",\"url\":\"https:\\\/\\\/www.enabel.be\\\/app\\\/uploads\\\/2022\\\/06\\\/enabel-logo-color.svg\",\"contentUrl\":\"https:\\\/\\\/www.enabel.be\\\/app\\\/uploads\\\/2022\\\/06\\\/enabel-logo-color.svg\",\"width\":103,\"height\":35,\"caption\":\"Enabel - Belgisch agentschap voor internationale samenwerking\"},\"image\":{\"@id\":\"https:\\\/\\\/www.enabel.be\\\/nl\\\/#\\\/schema\\\/logo\\\/image\\\/\"},\"sameAs\":[\"https:\\\/\\\/www.facebook.com\\\/EnabelBelgium\\\/\",\"https:\\\/\\\/x.com\\\/Enabel_Belgium\",\"https:\\\/\\\/www.instagram.com\\\/enabel_be\\\/\",\"https:\\\/\\\/www.linkedin.com\\\/company\\\/enabel\\\/\",\"https:\\\/\\\/www.youtube.com\\\/channel\\\/UCHGr3iOQ9n2jORzgtkv5FyQ\"]},{\"@type\":\"Person\",\"@id\":\"https:\\\/\\\/www.enabel.be\\\/nl\\\/#\\\/schema\\\/person\\\/75abf3321fd0b975a8c0d5d6169668e2\",\"name\":\"thea.mathues@enabel.be\"}]}<\/script>\n<!-- \/ Yoast SEO plugin. -->","yoast_head_json":{"title":"Het Juniorprogramma in 2025: een concrete impact voor jong talent - Enabel - Belgisch agentschap voor internationale samenwerking","description":"Ontdek in deze publicatie de cijfers, resultaten en getuigenissen die de impact die het Juniorprogramma in 2025 had illustreren.","robots":{"index":"index","follow":"follow","max-snippet":"max-snippet:-1","max-image-preview":"max-image-preview:large","max-video-preview":"max-video-preview:-1"},"canonical":"https:\/\/www.enabel.be\/nl\/het-juniorprogramma-in-2025-een-concrete-impact-voor-jong-talen\/","og_locale":"nl_NL","og_type":"article","og_title":"Het Juniorprogramma in 2025: een concrete impact voor jong talent - Enabel - Belgisch agentschap voor internationale samenwerking","og_description":"Ontdek in deze publicatie de cijfers, resultaten en getuigenissen die de impact die het Juniorprogramma in 2025 had illustreren.","og_url":"https:\/\/www.enabel.be\/nl\/het-juniorprogramma-in-2025-een-concrete-impact-voor-jong-talen\/","og_site_name":"Enabel - Belgisch agentschap voor internationale samenwerking","article_publisher":"https:\/\/www.facebook.com\/EnabelBelgium\/","article_published_time":"2026-08-06T08:15:06+00:00","article_modified_time":"2026-09-02T15:31:30+00:00","og_image":[{"width":1024,"height":648,"url":"https:\/\/www.enabel.be\/app\/uploads\/2026\/08\/JEP-14-1024x648.jpg","type":"image\/jpeg"}],"author":"thea.mathues@enabel.be","twitter_card":"summary_large_image","twitter_creator":"@Enabel_Belgium","twitter_site":"@Enabel_Belgium","twitter_misc":{"Written by":"thea.mathues@enabel.be","Est. reading time":"3 minuten"},"schema":{"@context":"https:\/\/schema.org","@graph":[{"@type":"Article","@id":"https:\/\/www.enabel.be\/nl\/het-juniorprogramma-in-2025-een-concrete-impact-voor-jong-talen\/#article","isPartOf":{"@id":"https:\/\/www.enabel.be\/nl\/het-juniorprogramma-in-2025-een-concrete-impact-voor-jong-talen\/"},"author":{"name":"thea.mathues@enabel.be","@id":"https:\/\/www.enabel.be\/nl\/#\/schema\/person\/75abf3321fd0b975a8c0d5d6169668e2"},"headline":"Het Juniorprogramma in 2025: een concrete impact voor jong talent","datePublished":"2026-08-06T08:15:06+00:00","dateModified":"2026-09-02T15:31:30+00:00","mainEntityOfPage":{"@id":"https:\/\/www.enabel.be\/nl\/het-juniorprogramma-in-2025-een-concrete-impact-voor-jong-talen\/"},"wordCount":9,"publisher":{"@id":"https:\/\/www.enabel.be\/nl\/#organization"},"image":{"@id":"https:\/\/www.enabel.be\/nl\/het-juniorprogramma-in-2025-een-concrete-impact-voor-jong-talen\/#primaryimage"},"thumbnailUrl":"https:\/\/www.enabel.be\/app\/uploads\/2026\/08\/JEP-14.jpg","articleSection":["Publicaties"],"inLanguage":"nl-NL"},{"@type":"WebPage","@id":"https:\/\/www.enabel.be\/nl\/het-juniorprogramma-in-2025-een-concrete-impact-voor-jong-talen\/","url":"https:\/\/www.enabel.be\/nl\/het-juniorprogramma-in-2025-een-concrete-impact-voor-jong-talen\/","name":"Het Juniorprogramma in 2025: een concrete impact voor jong talent - Enabel - Belgisch agentschap voor internationale samenwerking","isPartOf":{"@id":"https:\/\/www.enabel.be\/nl\/#website"},"primaryImageOfPage":{"@id":"https:\/\/www.enabel.be\/nl\/het-juniorprogramma-in-2025-een-concrete-impact-voor-jong-talen\/#primaryimage"},"image":{"@id":"https:\/\/www.enabel.be\/nl\/het-juniorprogramma-in-2025-een-concrete-impact-voor-jong-talen\/#primaryimage"},"thumbnailUrl":"https:\/\/www.enabel.be\/app\/uploads\/2026\/08\/JEP-14.jpg","datePublished":"2026-08-06T08:15:06+00:00","dateModified":"2026-09-02T15:31:30+00:00","description":"Ontdek in deze publicatie de cijfers, resultaten en getuigenissen die de impact die het Juniorprogramma in 2025 had illustreren.","breadcrumb":{"@id":"https:\/\/www.enabel.be\/nl\/het-juniorprogramma-in-2025-een-concrete-impact-voor-jong-talen\/#breadcrumb"},"inLanguage":"nl-NL","potentialAction":[{"@type":"ReadAction","target":["https:\/\/www.enabel.be\/nl\/het-juniorprogramma-in-2025-een-concrete-impact-voor-jong-talen\/"]}]},{"@type":"ImageObject","inLanguage":"nl-NL","@id":"https:\/\/www.enabel.be\/nl\/het-juniorprogramma-in-2025-een-concrete-impact-voor-jong-talen\/#primaryimage","url":"https:\/\/www.enabel.be\/app\/uploads\/2026\/08\/JEP-14.jpg","contentUrl":"https:\/\/www.enabel.be\/app\/uploads\/2026\/08\/JEP-14.jpg","width":6848,"height":4336,"caption":"Group of Junior Experts in Entebbe, Uganda."},{"@type":"BreadcrumbList","@id":"https:\/\/www.enabel.be\/nl\/het-juniorprogramma-in-2025-een-concrete-impact-voor-jong-talen\/#breadcrumb","itemListElement":[{"@type":"ListItem","position":1,"name":"Home","item":"https:\/\/www.enabel.be\/nl\/"},{"@type":"ListItem","position":2,"name":"Het Juniorprogramma in 2025: een concrete impact voor jong talent"}]},{"@type":"WebSite","@id":"https:\/\/www.enabel.be\/nl\/#website","url":"https:\/\/www.enabel.be\/nl\/","name":"Enabel - Belgisch agentschap voor internationale samenwerking","description":"Enabling Change","publisher":{"@id":"https:\/\/www.enabel.be\/nl\/#organization"},"potentialAction":[{"@type":"SearchAction","target":{"@type":"EntryPoint","urlTemplate":"https:\/\/www.enabel.be\/nl\/?s={search_term_string}"},"query-input":{"@type":"PropertyValueSpecification","valueRequired":true,"valueName":"search_term_string"}}],"inLanguage":"nl-NL"},{"@type":"Organization","@id":"https:\/\/www.enabel.be\/nl\/#organization","name":"Enabel - Belgisch agentschap voor internationale samenwerking","url":"https:\/\/www.enabel.be\/nl\/","logo":{"@type":"ImageObject","inLanguage":"nl-NL","@id":"https:\/\/www.enabel.be\/nl\/#\/schema\/logo\/image\/","url":"https:\/\/www.enabel.be\/app\/uploads\/2022\/06\/enabel-logo-color.svg","contentUrl":"https:\/\/www.enabel.be\/app\/uploads\/2022\/06\/enabel-logo-color.svg","width":103,"height":35,"caption":"Enabel - Belgisch agentschap voor internationale samenwerking"},"image":{"@id":"https:\/\/www.enabel.be\/nl\/#\/schema\/logo\/image\/"},"sameAs":["https:\/\/www.facebook.com\/EnabelBelgium\/","https:\/\/x.com\/Enabel_Belgium","https:\/\/www.instagram.com\/enabel_be\/","https:\/\/www.linkedin.com\/company\/enabel\/","https:\/\/www.youtube.com\/channel\/UCHGr3iOQ9n2jORzgtkv5FyQ"]},{"@type":"Person","@id":"https:\/\/www.enabel.be\/nl\/#\/schema\/person\/75abf3321fd0b975a8c0d5d6169668e2","name":"thea.mathues@enabel.be"}]}},"acf":[],"_links":{"self":[{"href":"https:\/\/www.enabel.be\/nl\/wp-json\/wp\/v2\/posts\/74256","targetHints":{"allow":["GET"]}}],"collection":[{"href":"https:\/\/www.enabel.be\/nl\/wp-json\/wp\/v2\/posts"}],"about":[{"href":"https:\/\/www.enabel.be\/nl\/wp-json\/wp\/v2\/types\/post"}],"author":[{"embeddable":true,"href":"https:\/\/www.enabel.be\/nl\/wp-json\/wp\/v2\/users\/264"}],"replies":[{"embeddable":true,"href":"https:\/\/www.enabel.be\/nl\/wp-json\/wp\/v2\/comments?post=74256"}],"version-history":[{"count":6,"href":"https:\/\/www.enabel.be\/nl\/wp-json\/wp\/v2\/posts\/74256\/revisions"}],"predecessor-version":[{"id":74266,"href":"https:\/\/www.enabel.be\/nl\/wp-json\/wp\/v2\/posts\/74256\/revisions\/74266"}],"wp:featuredmedia":[{"embeddable":true,"href":"https:\/\/www.enabel.be\/nl\/wp-json\/wp\/v2\/media\/74257"}],"wp:attachment":[{"href":"https:\/\/www.enabel.be\/nl\/wp-json\/wp\/v2\/media?parent=74256"}],"wp:term":[{"taxonomy":"category","embeddable":true,"href":"https:\/\/www.enabel.be\/nl\/wp-json\/wp\/v2\/categories?post=74256"},{"taxonomy":"post_tag","embeddable":true,"href":"https:\/\/www.enabel.be\/nl\/wp-json\/wp\/v2\/tags?post=74256"},{"taxonomy":"classifications","embeddable":true,"href":"https:\/\/www.enabel.be\/nl\/wp-json\/wp\/v2\/classifications?post=74256"}],"curies":[{"name":"wp","href":"https:\/\/api.w.org\/{rel}","templated":true}]}}